{"id":92,"date":"2014-01-28T19:19:34","date_gmt":"2014-01-28T18:19:34","guid":{"rendered":"http:\/\/quemalpuedehacer.es\/blog\/?p=92"},"modified":"2014-01-31T22:03:45","modified_gmt":"2014-01-31T21:03:45","slug":"comunicado-adcmurcia","status":"publish","type":"post","link":"https:\/\/quemalpuedehacer.es\/blog\/2014\/01\/28\/comunicado-adcmurcia\/","title":{"rendered":"Comunicado ADCMurcia sobre las \u201cIV Jornadas de agroecolog\u00eda y ecodesarrollo\u201d"},"content":{"rendered":"<p style=\"text-align: justify;\">Desde nuestra web, nos adherimos energicamente al <a title=\"Comunicado ADCMurcia\" href=\"http:\/\/murciadivulga.com\/2014\/01\/28\/comunicado-de-la-adcmurcia-sobre-las-iv-jornadas-de-agroecologia-y-ecodesarrollo\/\" target=\"_blank\"><strong>comunicado<\/strong><\/a> que hoy ha emitido la <a title=\"ADCMurcia\" href=\"http:\/\/murciadivulga.com\" target=\"_blank\">Asociaci\u00f3n de Divulgaci\u00f3n Cient\u00edfica de la Regi\u00f3n de Murcia<\/a>, mostrando tanto la asociaci\u00f3n, como nosotros, nuestro rechazo a dar cabida a pseudociencias a trav\u00e9s de ponentes como <em>Odile Fern\u00e1ndez<\/em>, autora de peligrosos e irracionales postulados sobre alimentaci\u00f3n y cancer, en un lugar de Ciencia como es la Universidad de Murcia:<\/p>\n<p><a href=\"http:\/\/murciadivulga.com\/2014\/01\/28\/comunicado-de-la-adcmurcia-sobre-las-iv-jornadas-de-agroecologia-y-ecodesarrollo\/\"><img loading=\"lazy\" class=\"alignnone  wp-image-93\" alt=\"qmph-comunicado-adcmurcia-28-01-2014\" src=\"http:\/\/quemalpuedehacer.es\/blog\/wp-content\/uploads\/2014\/01\/qmph-comunicado-adcmurcia-28-01-2014.jpg\" width=\"340\" height=\"203\" srcset=\"https:\/\/quemalpuedehacer.es\/blog\/wp-content\/uploads\/2014\/01\/qmph-comunicado-adcmurcia-28-01-2014.jpg 340w, https:\/\/quemalpuedehacer.es\/blog\/wp-content\/uploads\/2014\/01\/qmph-comunicado-adcmurcia-28-01-2014-300x179.jpg 300w\" sizes=\"(max-width: 340px) 100vw, 340px\" \/><\/a><\/p>\n<p>Comunicado ADCMurcia: <a href=\"http:\/\/murciadivulga.com\/2014\/01\/28\/comunicado-de-la-adcmurcia-sobre-las-iv-jornadas-de-agroecologia-y-ecodesarrollo\/\" target=\"_blank\">http:\/\/murciadivulga.com\/2014\/01\/28\/comunicado-de-la-adcmurcia-sobre-las-iv-jornadas-de-agroecologia-y-ecodesarrollo\/<\/a><\/p>\n","protected":false},"excerpt":{"rendered":"<p>Desde nuestra web, nos adherimos energicamente al comunicado que hoy ha emitido la Asociaci\u00f3n de Divulgaci\u00f3n Cient\u00edfica de la Regi\u00f3n de Murcia, mostrando tanto la asociaci\u00f3n, como nosotros, nuestro rechazo a dar cabida a pseudociencias a trav\u00e9s de ponentes como&hellip;  <\/p>\n<p class=\"more-link\"><a href=\"https:\/\/quemalpuedehacer.es\/blog\/2014\/01\/28\/comunicado-adcmurcia\/\">Seguir leyendo <span class=\"meta-nav\">&rarr;<\/span><\/a><\/p>\n","protected":false},"author":1,"featured_media":0,"comment_status":"open","ping_status":"open","sticky":false,"template":"","format":"standard","meta":{"spay_email":""},"categories":[36,4],"tags":[38,37,39,41,40],"yoast_head":"<!-- This site is optimized with the Yoast SEO plugin v16.1.1 - https:\/\/yoast.com\/wordpress\/plugins\/seo\/ -->\n<meta name=\"description\" content=\"Comunicado de ADCMurcia sobre las \u201cIV Jornadas de agroecolog\u00eda y ecodesarrollo\u201d (2014)\" \/>\n<link rel=\"canonical\" href=\"http:\/\/quemalpuedehacer.es\/blog\/2014\/01\/28\/comunicado-adcmurcia\/\" \/>\n<script type=\"application\/ld+json\" class=\"yoast-schema-graph\">{\"@context\":\"https:\/\/schema.org\",\"@graph\":[{\"@type\":\"Organization\",\"@id\":\"http:\/\/quemalpuedehacer.es\/blog\/#organization\",\"name\":\"\\u00bfQu\\u00e9 mal puede hacer?\",\"url\":\"http:\/\/quemalpuedehacer.es\/blog\/\",\"sameAs\":[],\"logo\":{\"@type\":\"ImageObject\",\"@id\":\"http:\/\/quemalpuedehacer.es\/blog\/#logo\",\"inLanguage\":\"es\",\"url\":\"https:\/\/quemalpuedehacer.es\/blog\/wp-content\/uploads\/2014\/01\/logo-que-mal-puede-hacer.png\",\"contentUrl\":\"https:\/\/quemalpuedehacer.es\/blog\/wp-content\/uploads\/2014\/01\/logo-que-mal-puede-hacer.png\",\"width\":2700,\"height\":2343,\"caption\":\"\\u00bfQu\\u00e9 mal puede hacer?\"},\"image\":{\"@id\":\"http:\/\/quemalpuedehacer.es\/blog\/#logo\"}},{\"@type\":\"WebSite\",\"@id\":\"http:\/\/quemalpuedehacer.es\/blog\/#website\",\"url\":\"http:\/\/quemalpuedehacer.es\/blog\/\",\"name\":\"\\u00bfQu\\u00e9 mal puede hacer? Blog\",\"description\":\"Contra las pseudociencias y los da\\u00f1os que causan\",\"publisher\":{\"@id\":\"http:\/\/quemalpuedehacer.es\/blog\/#organization\"},\"potentialAction\":[{\"@type\":\"SearchAction\",\"target\":\"http:\/\/quemalpuedehacer.es\/blog\/?s={search_term_string}\",\"query-input\":\"required name=search_term_string\"}],\"inLanguage\":\"es\"},{\"@type\":\"ImageObject\",\"@id\":\"http:\/\/quemalpuedehacer.es\/blog\/2014\/01\/28\/comunicado-adcmurcia\/#primaryimage\",\"inLanguage\":\"es\",\"url\":\"http:\/\/quemalpuedehacer.es\/blog\/wp-content\/uploads\/2014\/01\/qmph-comunicado-adcmurcia-28-01-2014.jpg\",\"contentUrl\":\"http:\/\/quemalpuedehacer.es\/blog\/wp-content\/uploads\/2014\/01\/qmph-comunicado-adcmurcia-28-01-2014.jpg\"},{\"@type\":\"WebPage\",\"@id\":\"http:\/\/quemalpuedehacer.es\/blog\/2014\/01\/28\/comunicado-adcmurcia\/#webpage\",\"url\":\"http:\/\/quemalpuedehacer.es\/blog\/2014\/01\/28\/comunicado-adcmurcia\/\",\"name\":\"Comunicado ADCMurcia sobre las \\u201cIV Jornadas de agroecolog\\u00eda y ecodesarrollo\\u201d - QMPH-Blog\",\"isPartOf\":{\"@id\":\"http:\/\/quemalpuedehacer.es\/blog\/#website\"},\"primaryImageOfPage\":{\"@id\":\"http:\/\/quemalpuedehacer.es\/blog\/2014\/01\/28\/comunicado-adcmurcia\/#primaryimage\"},\"datePublished\":\"2014-01-28T18:19:34+00:00\",\"dateModified\":\"2014-01-31T21:03:45+00:00\",\"description\":\"Comunicado de ADCMurcia sobre las \\u201cIV Jornadas de agroecolog\\u00eda y ecodesarrollo\\u201d (2014)\",\"breadcrumb\":{\"@id\":\"http:\/\/quemalpuedehacer.es\/blog\/2014\/01\/28\/comunicado-adcmurcia\/#breadcrumb\"},\"inLanguage\":\"es\",\"potentialAction\":[{\"@type\":\"ReadAction\",\"target\":[\"http:\/\/quemalpuedehacer.es\/blog\/2014\/01\/28\/comunicado-adcmurcia\/\"]}]},{\"@type\":\"BreadcrumbList\",\"@id\":\"http:\/\/quemalpuedehacer.es\/blog\/2014\/01\/28\/comunicado-adcmurcia\/#breadcrumb\",\"itemListElement\":[{\"@type\":\"ListItem\",\"position\":1,\"item\":{\"@type\":\"WebPage\",\"@id\":\"http:\/\/quemalpuedehacer.es\/blog\/\",\"url\":\"http:\/\/quemalpuedehacer.es\/blog\/\",\"name\":\"Portada\"}},{\"@type\":\"ListItem\",\"position\":2,\"item\":{\"@type\":\"WebPage\",\"@id\":\"http:\/\/quemalpuedehacer.es\/blog\/2014\/01\/28\/comunicado-adcmurcia\/\",\"url\":\"http:\/\/quemalpuedehacer.es\/blog\/2014\/01\/28\/comunicado-adcmurcia\/\",\"name\":\"Comunicado ADCMurcia sobre las \\u201cIV Jornadas de agroecolog\\u00eda y ecodesarrollo\\u201d\"}}]},{\"@type\":\"Article\",\"@id\":\"http:\/\/quemalpuedehacer.es\/blog\/2014\/01\/28\/comunicado-adcmurcia\/#article\",\"isPartOf\":{\"@id\":\"http:\/\/quemalpuedehacer.es\/blog\/2014\/01\/28\/comunicado-adcmurcia\/#webpage\"},\"author\":{\"@id\":\"http:\/\/quemalpuedehacer.es\/blog\/#\/schema\/person\/2076d9ea29bc4c3992ddc86c3dfb4c75\"},\"headline\":\"Comunicado ADCMurcia sobre las \\u201cIV Jornadas de agroecolog\\u00eda y ecodesarrollo\\u201d\",\"datePublished\":\"2014-01-28T18:19:34+00:00\",\"dateModified\":\"2014-01-31T21:03:45+00:00\",\"mainEntityOfPage\":{\"@id\":\"http:\/\/quemalpuedehacer.es\/blog\/2014\/01\/28\/comunicado-adcmurcia\/#webpage\"},\"commentCount\":2,\"publisher\":{\"@id\":\"http:\/\/quemalpuedehacer.es\/blog\/#organization\"},\"image\":{\"@id\":\"http:\/\/quemalpuedehacer.es\/blog\/2014\/01\/28\/comunicado-adcmurcia\/#primaryimage\"},\"keywords\":\"ADCMurcia,Asociaci\\u00f3n Divulgaci\\u00f3n Cient\\u00edfica de la Regi\\u00f3n de Murcia,comunicado,odile fernandez,\\u201cIV Jornadas de agroecolog\\u00eda y ecodesarrollo\\u201d\",\"articleSection\":\"comunicados,noticias\",\"inLanguage\":\"es\",\"potentialAction\":[{\"@type\":\"CommentAction\",\"name\":\"Comment\",\"target\":[\"http:\/\/quemalpuedehacer.es\/blog\/2014\/01\/28\/comunicado-adcmurcia\/#respond\"]}]},{\"@type\":\"Person\",\"@id\":\"http:\/\/quemalpuedehacer.es\/blog\/#\/schema\/person\/2076d9ea29bc4c3992ddc86c3dfb4c75\",\"name\":\"QMPH - Isidoro Mart\\u00ednez\",\"image\":{\"@type\":\"ImageObject\",\"@id\":\"http:\/\/quemalpuedehacer.es\/blog\/#personlogo\",\"inLanguage\":\"es\",\"url\":\"https:\/\/secure.gravatar.com\/avatar\/bcf83a648fbb23b1168a8331f6c2a52d?s=96&d=mm&r=g\",\"contentUrl\":\"https:\/\/secure.gravatar.com\/avatar\/bcf83a648fbb23b1168a8331f6c2a52d?s=96&d=mm&r=g\",\"caption\":\"QMPH - Isidoro Mart\\u00ednez\"},\"sameAs\":[\"http:\/\/quemalpuedehacer.es\",\"https:\/\/www.facebook.com\/quemalpuedehacer\",\"https:\/\/twitter.com\/qmph_es\"]}]}<\/script>\n<!-- \/ Yoast SEO plugin. -->","jetpack_featured_media_url":"","jetpack_sharing_enabled":true,"_links":{"self":[{"href":"https:\/\/quemalpuedehacer.es\/blog\/wp-json\/wp\/v2\/posts\/92"}],"collection":[{"href":"https:\/\/quemalpuedehacer.es\/blog\/wp-json\/wp\/v2\/posts"}],"about":[{"href":"https:\/\/quemalpuedehacer.es\/blog\/wp-json\/wp\/v2\/types\/post"}],"author":[{"embeddable":true,"href":"https:\/\/quemalpuedehacer.es\/blog\/wp-json\/wp\/v2\/users\/1"}],"replies":[{"embeddable":true,"href":"https:\/\/quemalpuedehacer.es\/blog\/wp-json\/wp\/v2\/comments?post=92"}],"version-history":[{"count":0,"href":"https:\/\/quemalpuedehacer.es\/blog\/wp-json\/wp\/v2\/posts\/92\/revisions"}],"wp:attachment":[{"href":"https:\/\/quemalpuedehacer.es\/blog\/wp-json\/wp\/v2\/media?parent=92"}],"wp:term":[{"taxonomy":"category","embeddable":true,"href":"https:\/\/quemalpuedehacer.es\/blog\/wp-json\/wp\/v2\/categories?post=92"},{"taxonomy":"post_tag","embeddable":true,"href":"https:\/\/quemalpuedehacer.es\/blog\/wp-json\/wp\/v2\/tags?post=92"}],"curies":[{"name":"wp","href":"https:\/\/api.w.org\/{rel}","templated":true}]}}