{"id":2418,"date":"2016-12-07T21:53:41","date_gmt":"2016-12-07T20:53:41","guid":{"rendered":"http:\/\/quemalpuedehacer.es\/blog\/?p=2418"},"modified":"2016-12-18T15:35:17","modified_gmt":"2016-12-18T14:35:17","slug":"avionetas-plateadas","status":"publish","type":"post","link":"https:\/\/quemalpuedehacer.es\/blog\/2016\/12\/07\/avionetas-plateadas\/","title":{"rendered":"Avionetas plateadas"},"content":{"rendered":"<p>El pasado domingo (06\/12\/2016) el canal 24 Horas de RTVE emiti\u00f3 el reportaje \u00ab<a href=\"http:\/\/www.rtve.es\/television\/20161129\/expediente-avionetas\/1447996.shtml\" target=\"_blank\" rel=\"nofollow\">Expediente Avionetas<\/a>\u00bb del programa <strong>Repor TVE<\/strong>. El reportaje lo firman <a href=\"https:\/\/twitter.com\/tereborque\/with_replies\" target=\"_blank\">Tere Borque<\/a> y Toni Mateo, con la edici\u00f3n de Antoni Tom\u00e0s. En vista del lamentable apoyo a la conspiranoia de las ondas que este programa realiz\u00f3 <a href=\"http:\/\/www.rtve.es\/television\/20161003\/guerra-ondas\/1417100.shtml\" target=\"_blank\" rel=\"nofollow\">a finales de octubre<\/a> decid\u00ed ver el espacio porque, adem\u00e1s, se trata de un tema que conozco bien y es un rumor habitual en la zona donde vivo: la cada vez m\u00e1s des\u00e9rtica Murcia.<\/p>\n<p>Por el avance del programa ya se intu\u00eda que incluir\u00eda la mala costumbre de dar igual rango a certezas comprobadas que a rumores infundados aunque en este caso <strong>fue m\u00e1s all\u00e1<\/strong>.<\/p>\n<div id=\"attachment_2419\" style=\"width: 471px\" class=\"wp-caption alignnone\"><img aria-describedby=\"caption-attachment-2419\" loading=\"lazy\" class=\"size-full wp-image-2419\" src=\"http:\/\/quemalpuedehacer.es\/blog\/wp-content\/uploads\/2016\/12\/qmph-blog-avionetas-plateadas-previo-repor.jpg\" alt=\"qmph-blog-avionetas-plateadas-previo-repor\" width=\"461\" height=\"600\" srcset=\"https:\/\/quemalpuedehacer.es\/blog\/wp-content\/uploads\/2016\/12\/qmph-blog-avionetas-plateadas-previo-repor.jpg 461w, https:\/\/quemalpuedehacer.es\/blog\/wp-content\/uploads\/2016\/12\/qmph-blog-avionetas-plateadas-previo-repor-231x300.jpg 231w, https:\/\/quemalpuedehacer.es\/blog\/wp-content\/uploads\/2016\/12\/qmph-blog-avionetas-plateadas-previo-repor-300x390.jpg 300w\" sizes=\"(max-width: 461px) 100vw, 461px\" \/><p id=\"caption-attachment-2419\" class=\"wp-caption-text\">La nota que anuncia al programa no est\u00e1 equilibrada precisamente&#8230;<\/p><\/div>\n<p>Tras la introducci\u00f3n presentaron a un grupo de agricultores de una de las zonas menos favorecidas por <a href=\"http:\/\/www.atlasdemurcia.com\/index.php\/secciones\/1\/el-clima\/4\/\" target=\"_blank\" rel=\"nofollow\">precipitaciones en la Regi\u00f3n de Murcia<\/a> que, ante la sequ\u00eda que padecen, ha tenido que arrancar sus almendros (aunque mantienen los olivos).<!--more--><\/p>\n<p>Una zona muy dura para el agricultor de secano como muchas otras de Murcia y Almer\u00eda pero que no es ninguna sorpresa. Murcia no es Galicia en cuanto a precipitaciones.<\/p>\n<div id=\"attachment_2422\" style=\"width: 490px\" class=\"wp-caption alignnone\"><img aria-describedby=\"caption-attachment-2422\" loading=\"lazy\" class=\"size-full wp-image-2422\" src=\"http:\/\/quemalpuedehacer.es\/blog\/wp-content\/uploads\/2016\/12\/qmph-blog-avionetas-plateadas-02min24seg.jpg\" alt=\"qmph-blog--avionetas-plateadas--02min24seg\" width=\"480\" height=\"270\" srcset=\"https:\/\/quemalpuedehacer.es\/blog\/wp-content\/uploads\/2016\/12\/qmph-blog-avionetas-plateadas-02min24seg.jpg 480w, https:\/\/quemalpuedehacer.es\/blog\/wp-content\/uploads\/2016\/12\/qmph-blog-avionetas-plateadas-02min24seg-300x169.jpg 300w\" sizes=\"(max-width: 480px) 100vw, 480px\" \/><p id=\"caption-attachment-2422\" class=\"wp-caption-text\">V\u00edctimas de la sequ\u00eda y de los rumores.<\/p><\/div>\n<h3>Mitos meteorol\u00f3gicos<\/h3>\n<p>Seg\u00fan la reportera Tere Borque <strong>\u00absiempre se ha sabido que los agricultores sab\u00e9is predecir un poco el tiempo por las se\u00f1ales del entorno\u00bb<\/strong>. Pese a que la frase llena de orgullo a los entrevistados es un <strong>completo mito<\/strong> que, de hecho, ha causado problemas por exceso de confianza ante, por ejemplo, una tromba de agua inesperada. Ni <a href=\"http:\/\/www.diariodejerez.es\/jerez\/cabanuelas-pronostican-lluvias-Semana-Santa_0_949705490.html\" target=\"_blank\" rel=\"nofollow\">caba\u00f1uelas<\/a>, ni <a href=\"http:\/\/www.lainformacion.com\/ciencia-y-tecnologia\/ciencias-naturales\/almanaques-versus-meteosat-una-coexistencia-pacifica_VbjPWCllITQjKfu53wb6S4\/\" target=\"_blank\" rel=\"nofollow\">calendario zaragozano<\/a>, ni la observaci\u00f3n subjetiva desde un \u00fanico punto son fiables. El radar meteorol\u00f3gico y las predicciones de institutos como AEMET, son herramienta hasta cierto punto fiables en la dif\u00edcil (pero no imposible) meta del hombre por prevenir las condiciones del tiempo.<\/p>\n<p><strong>\u00ab\u00bfPero qu\u00e9 pasa? \u00bfT\u00fa ves algo?\u00bb<\/strong> inquiere Borque al agricultor que se\u00f1ala como la orograf\u00eda del terreno, cercano a Sierra Espu\u00f1a, condiciona las lluvias en su parcela. \u00abYo de vez en cuando oigo algo, alguna avioneta o algo\u00bb. Normal que escuche algo (aunque no sepa identificarlo): cerca est\u00e1 la base de Alcantarilla (y campo de vuelo de Alhama de Murcia que aparece m\u00e1s adelante) y adem\u00e1s <a href=\"https:\/\/skyvector.com\/?ll=37.91538428646823,-1.0618286020855425&amp;chart=301&amp;zoom=2\" target=\"_blank\" rel=\"nofollow\">pasa una aerov\u00eda<\/a> . La periodista entonces hace una pregunta completamente tendenciosa: <strong>\u00ab\u00bfCrees que hay una mano negra deshaciendo nubes?\u00bb<\/strong>. La respuesta la pueden imaginar.<\/p>\n<blockquote class=\"twitter-tweet\" data-lang=\"es\">\n<p dir=\"ltr\" lang=\"es\">Seguro que no es <a href=\"https:\/\/twitter.com\/elmundotoday\">@elmundotoday<\/a> ? &#x1f60a; Alguien de aviaci\u00f3n puede decirnos qu\u00e9 tipo de reactor sale en el v\u00eddeo? <a href=\"https:\/\/t.co\/fD5cFK3M2i\">https:\/\/t.co\/fD5cFK3M2i<\/a><\/p>\n<p>\u2014 Pedro Duque (@astro_duque) <a href=\"https:\/\/twitter.com\/astro_duque\/status\/735126897638641667\">24 de mayo de 2016<\/a><\/p><\/blockquote>\n<p>\u00abPara los agricultores de Murcia el cielo se ha convertido en una pesadilla\u00bb narra Borque mientras la imagen muestra<strong> un v\u00eddeo que desmontamos hace unos meses<\/strong> de una avioneta que quema a r\u00e1fagas alg\u00fan lubricante y que para los conspiranoicos es otra \u00abprueba irrefutable\u00bb. Un nuevo v\u00eddeo conspiranoico muestra a un se\u00f1or se\u00f1alando algo en un cielo que para nada invita a pensar en lluvia. Otro v\u00eddeo muestra <a href=\"http:\/\/www.quemalpuedehacer.es\/dk\/doku.php?id=wiki:miedos-conspiraciones:chemtrails\" target=\"_blank\">vuelos comerciales a bastante altura y sus contrails<\/a>, y maniobras totalmente normales en otro cielo que tampoco indica lluvias.<\/p>\n<p><strong>\u00abA pesar de que el d\u00eda ha despertado lluvioso Murcia registra la pluviometr\u00eda m\u00e1s baja que se conoce\u00bb<\/strong> dice Borque aunque la frase es incomprensible (tal vez un pobre intento de falacia \u00ab<a href=\"http:\/\/quemalpuedehacer.es\/blog\/2014\/06\/05\/falacias-en-pseudociencia-2-cum-hoc-ergo-propter-hoc\/\" target=\"_blank\">cum hoc ergo propter hoc<\/a>\u00ab). Habla un se\u00f1or de que en Murcia llueve menos que en el Sahara lo cual no se corresponde con la realidad, con hasta 100mm en las<a href=\"http:\/\/tiempo.sei-international.org\/newswatch\/feature060915.htm\" target=\"_blank\" rel=\"nofollow\"> zonas m\u00e1s favorables del Sahara<\/a> y una media de 290mm en la \u00faltima d\u00e9cada en <a href=\"https:\/\/www.carm.es\/web\/integra.servlets.Blob?ARCHIVO=11.4%20Datos%20climatol%F3gicos%20de%20Murcia%202015.pdf&amp;TABLA=ARCHIVOS&amp;CAMPOCLAVE=IDARCHIVO&amp;VALORCLAVE=1913&amp;CAMPOIMAGEN=ARCHIVO&amp;IDTIPO=60&amp;RASTRO=c1415$m1174,1381\" target=\"_blank\" rel=\"nofollow\">Murcia<\/a>.<\/p>\n<div id=\"attachment_2423\" style=\"width: 490px\" class=\"wp-caption alignnone\"><img aria-describedby=\"caption-attachment-2423\" loading=\"lazy\" class=\"wp-image-2423 size-full\" src=\"http:\/\/quemalpuedehacer.es\/blog\/wp-content\/uploads\/2016\/12\/qmph-blog-avionetas-plateadas-06min14seg.jpg\" alt=\"qmph-blog--avionetas-plateadas--06min14seg\" width=\"480\" height=\"270\" srcset=\"https:\/\/quemalpuedehacer.es\/blog\/wp-content\/uploads\/2016\/12\/qmph-blog-avionetas-plateadas-06min14seg.jpg 480w, https:\/\/quemalpuedehacer.es\/blog\/wp-content\/uploads\/2016\/12\/qmph-blog-avionetas-plateadas-06min14seg-300x169.jpg 300w\" sizes=\"(max-width: 480px) 100vw, 480px\" \/><p id=\"caption-attachment-2423\" class=\"wp-caption-text\">Ante la duda Pedro Guerrero inventa.<\/p><\/div>\n<p>\u00abLa sequ\u00eda est\u00e1 afectando especialmente al secano\u00bb es la frase con la que Borque introduce a <strong>Pedro Guerrero<\/strong>, vocal de frutos secos de la organizaci\u00f3n agraria FECOAM (secci\u00f3n que dif\u00edcilmente puede agrupar a 10.000 agricultores cuando FECOAM representa a 20.000) a la cual nos hemos referido <a href=\"https:\/\/twitter.com\/qmph_es\/status\/649161214346571776\" target=\"_blank\">alguna vez en Twitter<\/a> por su apoyo a la <a href=\"http:\/\/www.europapress.es\/murcia\/noticia-sector-frutos-secos-demanda-medidas-contra-sistemas-antilluvia-mayor-implicacion-seguro-agrario-20160609131237.html\" target=\"_blank\" rel=\"nofollow\">conspiranoia de las avionetas<\/a>.<\/p>\n<h3>La carga de la prueba es pesada para quien elucubra<\/h3>\n<p>Pedro Guerrero lanza una serie de <strong>afirmaciones sin fundamento<\/strong> sobre que \u00abgeoingenier\u00eda\u00bb y \u00bf\u00bbmicrof\u00edsica\u00bb? que alterar\u00edan la presi\u00f3n atmosf\u00e9rica para evitar que llueva, dando por hecho que unas aeronaves son las responsables de la habitual sequ\u00eda en Murcia. Deja as\u00ed claro que recurre a invenciones. Y <strong>miente al decir que no han obtenido respuesta.<\/strong> Otra cosa es que la ausencia de pruebas diera como resultado el <a href=\"http:\/\/www.laopiniondemurcia.es\/comunidad\/2015\/11\/20\/fiscal-archiva-denuncia-avionetas-antilluvia\/693470.html\" target=\"_blank\" rel=\"nofollow\">archivo de sus denuncias<\/a> por mucho que al Sr. Guerrero le moleste tener (como corresponde a quien afirma) la carga de la prueba.<\/p>\n<p><strong>\u00ab\u00bfQui\u00e9n podr\u00eda estar detr\u00e1s de estas aeronaves?\u00bb<\/strong> no parece, por tanto, la pregunta que el rigor period\u00edstico exigir\u00eda en este caso. Una sugerencia gratuita para Repor: indaguen c\u00f3mo se establecen los precios de los frutos secos desde el \u00e1rbol hasta el consumido y no olviden incluir a estos se\u00f1ores.<\/p>\n<p>Tras estos casi siete minutos de conspiranoias iniciales Repor entrevista a un <strong>piloto de avionetas<\/strong> desde 1974. Relata c\u00f3mo alguien de la base de Alcantarilla ha recibido <strong>amenazas muy violentas<\/strong> de alguno de estos conspiranoicos. Le explica a la reportera que una avioneta tiene un techo de vuelo concreto, un plan de vuelo determinado y problemas cuando hay malas condiciones del tiempo, adem\u00e1s de no poder llevar mucha carga. Nada que no pueda saber cualquiera con una m\u00ednima investigaci\u00f3n del tema.<\/p>\n<p><img loading=\"lazy\" class=\"alignnone size-full wp-image-2424\" src=\"http:\/\/quemalpuedehacer.es\/blog\/wp-content\/uploads\/2016\/12\/qmph-blog-avionetas-plateadas-08min58seg.jpg\" alt=\"qmph-blog--avionetas-plateadas--08min58seg\" width=\"480\" height=\"270\" srcset=\"https:\/\/quemalpuedehacer.es\/blog\/wp-content\/uploads\/2016\/12\/qmph-blog-avionetas-plateadas-08min58seg.jpg 480w, https:\/\/quemalpuedehacer.es\/blog\/wp-content\/uploads\/2016\/12\/qmph-blog-avionetas-plateadas-08min58seg-300x169.jpg 300w\" sizes=\"(max-width: 480px) 100vw, 480px\" \/><\/p>\n<p><strong>\u00ab\u00bfA ti te controla alguien cuando sales de un aer\u00f3dromo?\u00bb<\/strong> le pregunta la reportera plantando una sospecha\u00a0 pese a que le acaban de explicar que un ultraligero no podr\u00eda ser sospechoso por no poder transportar apenas peso.<\/p>\n<p>Se traslada entonces el equipo de Repor a San Juan de Alicante para que les digan algo muy obvio: que <strong>si no llueve las explotaciones grandes tambi\u00e9n lo sufren<\/strong> porque falta agua. M\u00e1s cuando esa zona se abastece de <a href=\"http:\/\/www.aguasdealicante.es\/contenido\/Captacion\/\" target=\"_blank\" rel=\"nofollow\">acu\u00edferos y de Canales del Taibilla<\/a>. Alrededor de 4 minutos para las explicaciones de piloto e ingeniero agr\u00f3nomo.<\/p>\n<h3><em>Rumore, rumore<\/em><\/h3>\n<p><strong>\u00abRumorolog\u00eda o no, lo cierto es que hasta las instituciones est\u00e1n emprendiendo acciones para responder a la inquietud de estos agricultores\u00bb<\/strong> comenta Borque con otro v\u00eddeo de vuelos comerciales (y sus <em>contrails<\/em>) de fondo para introducir la posici\u00f3n de <strong>uno de los ayuntamientos m\u00e1s vergonzosos de la Regi\u00f3n de Murcia: el de Bullas<\/strong>. Y lo es porque recientemente apoy\u00f3 p\u00fablicamente la <a href=\"https:\/\/es-la.facebook.com\/quemalpuedehacer\/posts\/1777740819134572\" target=\"_blank\">difusi\u00f3n de las chaladuras contra la salud de Josep P\u00e0mies con recursos municipales.<\/a> Adem\u00e1s, en un <strong>acto de opacidad<\/strong>, no nos contest\u00f3 pese a haber dicho que lo har\u00eda acerca una posible suspensi\u00f3n del esperpento en sus instalaciones.<\/p>\n<p><div id=\"attachment_2425\" style=\"width: 490px\" class=\"wp-caption alignnone\"><img aria-describedby=\"caption-attachment-2425\" loading=\"lazy\" class=\"size-full wp-image-2425\" src=\"http:\/\/quemalpuedehacer.es\/blog\/wp-content\/uploads\/2016\/12\/Repor-avionetas-04dic2016.mp4_snapshot_12.38_2016.12.07_19.20.38.jpg\" alt=\"Repor-avionetas-04dic2016.mp4_snapshot_12.38_[2016.12.07_19.20.38]\" width=\"480\" height=\"270\" srcset=\"https:\/\/quemalpuedehacer.es\/blog\/wp-content\/uploads\/2016\/12\/Repor-avionetas-04dic2016.mp4_snapshot_12.38_2016.12.07_19.20.38.jpg 480w, https:\/\/quemalpuedehacer.es\/blog\/wp-content\/uploads\/2016\/12\/Repor-avionetas-04dic2016.mp4_snapshot_12.38_2016.12.07_19.20.38-300x169.jpg 300w\" sizes=\"(max-width: 480px) 100vw, 480px\" \/><p id=\"caption-attachment-2425\" class=\"wp-caption-text\">El lugar de los chacarrillos es un bar, no un consistorio.<\/p><\/div>Saluda la reportera a D. Juan Valera, Concejal de Agricultura y Medio Ambiente del <a href=\"http:\/\/www.bullas.es\/corporacion.php\" target=\"_blank\">Ayto. de Bullas<\/a> (PSOE) que dice que la Delegaci\u00f3n del Gobierno le ha comentado que \u00abno hay ning\u00fan mecanismo de control del tr\u00e1fico a\u00e9reo\u00bb. Un disparate de tomo y lomo&#8230;. pero se queda tan tranquilo. Tere Borque entra entonces en <strong>el juego de \u00abno hay pruebas pero tampoco niegan su existencia\u00bb<\/strong>. Habla el concejal de la comisi\u00f3n de investigaci\u00f3n que propuso la diputada regional Yolanda Fern\u00e1ndez (sin prueba alguna como pudimos constatar al preguntarle hace unas semanas) y<strong> lanza sin pudor una acusaci\u00f3n<\/strong> tan concreta como infundada hacia las bases a\u00e9reas americanas.<\/p>\n<blockquote class=\"twitter-tweet\" data-conversation=\"none\" data-lang=\"es\">\n<p dir=\"ltr\" lang=\"es\"><a href=\"https:\/\/twitter.com\/MeteoSE\">@MeteoSE<\/a> Penoso el nivel de conocimientos (y de ganas de tenerlos) de los politicos. <a href=\"https:\/\/twitter.com\/psoetotana\">@psoetotana<\/a> <a href=\"https:\/\/twitter.com\/TotanaCOM\">@TotanaCOM<\/a> <a href=\"https:\/\/twitter.com\/PedroCFernandez\">@PedroCFernandez<\/a> <a href=\"https:\/\/twitter.com\/YolandaFersan\">@YolandaFersan<\/a><\/p>\n<p>\u2014 Qu\u00e9 mal puede hacer? (@qmph_es) <a href=\"https:\/\/twitter.com\/qmph_es\/status\/781127241161990144\">28 de septiembre de 2016<\/a><\/p><\/blockquote>\n<p>Se acerca Repor entonces a la sede de <strong>AEMET en Murcia<\/strong> para entrevistar a su responsable. A la afirmaci\u00f3n cient\u00edfica de que no se puede deshacer un volumen de nubes tan inmenso le pone pegas Tere Borque. Tampoco le parece bien que las previsiones meteorol\u00f3gicas se equivoquen pese a que advierten de ello. Le expone el meteor\u00f3logo tambi\u00e9n apoyado en los datos que la sequ\u00eda en Murcia es lo habitual.<\/p>\n<div id=\"attachment_2426\" style=\"width: 490px\" class=\"wp-caption alignnone\"><img aria-describedby=\"caption-attachment-2426\" loading=\"lazy\" class=\"size-full wp-image-2426\" src=\"http:\/\/quemalpuedehacer.es\/blog\/wp-content\/uploads\/2016\/12\/qmph-blog-avionetas-plateadas-14min09seg.jpg\" alt=\"qmph-blog--avionetas-plateadas--14min09seg\" width=\"480\" height=\"270\" srcset=\"https:\/\/quemalpuedehacer.es\/blog\/wp-content\/uploads\/2016\/12\/qmph-blog-avionetas-plateadas-14min09seg.jpg 480w, https:\/\/quemalpuedehacer.es\/blog\/wp-content\/uploads\/2016\/12\/qmph-blog-avionetas-plateadas-14min09seg-300x169.jpg 300w\" sizes=\"(max-width: 480px) 100vw, 480px\" \/><p id=\"caption-attachment-2426\" class=\"wp-caption-text\">Infinita la paciencia de los profesionales de la meteorolog\u00eda con estos bulos.<\/p><\/div>\n<p>En ese momento Borque espeta <strong>\u00abA pesar de lo contundente de la respuesta lo cierto es que s\u00ed se est\u00e1 experimentando con el clima\u00bb<\/strong> para tratar (in\u00fatilmente) de restar cr\u00e9dito a las respuestas del meteor\u00f3logo y mantener las sospechas, al m\u00e1s puro estilo \u00cdker Jim\u00e9nez. Lo que son experimentos muy aislados, limitados y de resultados inconcluyentes ni avalados <strong>sirven al prop\u00f3sito de la reportera de mantener la duda<\/strong> donde no la hay.<\/p>\n<p>La siguiente pieza la presenta as\u00ed: <strong>\u00abCient\u00edficamente no se podr\u00e1 modificar el tiempo pero eso no quita que haya gente que lo intenta\u00bb<\/strong>. Es decir: acaba de plantar sospechas sobre la ciencia y va a mostrar a alguien que quiz\u00e1s modifique el clima. La pieza habla de unos vecinos de Jumilla que han instalado por unos 130.000 euros unos ca\u00f1ones que emiten ondas sonoras que supuestamente evitan el granizo. Al menos el vendedor reconoce en el <strong>reportaje que no hay ninguna prueba cient\u00edfica de su efectividad<\/strong>. \u00bfNo ve aqu\u00ed Repor que tiene un posible reportaje con datos confirmados?<\/p>\n<p><div id=\"attachment_2427\" style=\"width: 490px\" class=\"wp-caption alignnone\"><img aria-describedby=\"caption-attachment-2427\" loading=\"lazy\" class=\"size-full wp-image-2427\" src=\"http:\/\/quemalpuedehacer.es\/blog\/wp-content\/uploads\/2016\/12\/Repor-avionetas-04dic2016.mp4_snapshot_17.01_2016.12.07_19.42.11.jpg\" alt=\"Repor-avionetas-04dic2016.mp4_snapshot_17.01_[2016.12.07_19.42.11]\" width=\"480\" height=\"270\" srcset=\"https:\/\/quemalpuedehacer.es\/blog\/wp-content\/uploads\/2016\/12\/Repor-avionetas-04dic2016.mp4_snapshot_17.01_2016.12.07_19.42.11.jpg 480w, https:\/\/quemalpuedehacer.es\/blog\/wp-content\/uploads\/2016\/12\/Repor-avionetas-04dic2016.mp4_snapshot_17.01_2016.12.07_19.42.11-300x169.jpg 300w\" sizes=\"(max-width: 480px) 100vw, 480px\" \/><p id=\"caption-attachment-2427\" class=\"wp-caption-text\">Desperdiciando euros a ca\u00f1onazos.<\/p><\/div>Como introducci\u00f3n a un grupo organizado se emite un nuevo v\u00eddeo conspiranoico en el que se ve perfectamente como los aviones vuelan a un altitud muy diferente de las nubes por la velocidad a la que el viento las arrastra. La reportera trata a \u00abPlataforma para la biosfera\u00bb como un grupo ecologista cuando no es m\u00e1s que varias personas que se apoyan en su autoenga\u00f1o sobre <strong>varios frentes conspiranoico<\/strong>s. Para ellos se queda corto lo de la avioneta y pasan a hablar de aviones militares junto a otros delirios que, por supuesto, tienen un altavoz a escala nacional gracias a Repor.<\/p>\n<p>Turno para alguien conocido e incansable luchador contra estos rumores, <a href=\"https:\/\/www.facebook.com\/enocasionesveochemtrails\/?ref=ts&amp;fref=ts\" target=\"_blank\">David Incertis<\/a>, que en el poco tiempo que tuvo explic\u00f3 lo mejor que pudo la carencia de fundamento de los mismos. De nuevo, como ocurri\u00f3 con el meteor\u00f3logo, la reportera cierra la entrevista planteando supuestas <strong>sospechas<\/strong> sobre \u00abgeoingenier\u00eda\u00bb. Por cierto, Incertis est\u00e1 trabajando en <strong>un libro<\/strong> sobre el tema, estaremos atentos porque seguro ser\u00e1 de utilidad.<\/p>\n<p><img loading=\"lazy\" class=\"alignnone size-full wp-image-2430\" src=\"http:\/\/quemalpuedehacer.es\/blog\/wp-content\/uploads\/2016\/12\/qmph-blog-avionetas-plateadas-21min38seg.jpg\" alt=\"qmph-blog--avionetas-plateadas--21min38seg\" width=\"480\" height=\"270\" srcset=\"https:\/\/quemalpuedehacer.es\/blog\/wp-content\/uploads\/2016\/12\/qmph-blog-avionetas-plateadas-21min38seg.jpg 480w, https:\/\/quemalpuedehacer.es\/blog\/wp-content\/uploads\/2016\/12\/qmph-blog-avionetas-plateadas-21min38seg-300x169.jpg 300w\" sizes=\"(max-width: 480px) 100vw, 480px\" \/><\/p>\n<p>Llega entonces uno de los momentos m\u00e1s bochornosos que un murciano pueda haber visto en televisi\u00f3n: a <strong>su consejera de Agricultura dando cr\u00e9dito a la conspiranoia de las avionetas <em>rompenubes<\/em><\/strong>. Adem\u00e1s, reconoce sin pudor que se van a <strong>dilapidar recursos p\u00fablicos<\/strong> en el tema. Aprovechando que la consejera avis\u00f3 en Twitter sobre la emisi\u00f3n obtuvimos su confirmaci\u00f3n del derroche:<\/p>\n<blockquote class=\"twitter-tweet\" data-lang=\"es\">\n<p dir=\"ltr\" lang=\"es\"><a href=\"https:\/\/twitter.com\/qmph_es\">@qmph_es<\/a> <a href=\"https:\/\/twitter.com\/24h_tve\">@24h_tve<\/a> Es bueno que se aporte conocimiento y es l\u00f3gica la angustia de los agricultores ante la sequ\u00eda<\/p>\n<p>\u2014 Adela Mart\u00ednez-Cach\u00e1 (@AdelaMCacha) <a href=\"https:\/\/twitter.com\/AdelaMCacha\/status\/805498536951513089\">4 de diciembre de 2016<\/a><\/p><\/blockquote>\n<p>La conclusi\u00f3n del programa resume perfectamente la intenci\u00f3n del mismo (alimentar una conspiranoia) y el modo en que lo llev\u00f3 a cabo Repor lo expresa muy bien Tere Borque con esta falacia \u00ab<a href=\"http:\/\/quemalpuedehacer.es\/blog\/2014\/11\/17\/falacias-pseudociencia-4-ad-ignorantiam\/\" target=\"_blank\">ad ignorantiam<\/a>\u00ab: <strong>\u00abNo hay pruebas de que estas avionetas no dejen llover, tampoco de lo contrario\u00bb<\/strong>.<\/p>\n<p><img loading=\"lazy\" class=\"alignnone size-full wp-image-2429\" src=\"http:\/\/quemalpuedehacer.es\/blog\/wp-content\/uploads\/2016\/12\/qmph-blog-avionetas-plateadas-26min21seg.jpg\" alt=\"qmph-blog--avionetas-plateadas--26min21seg\" width=\"480\" height=\"270\" srcset=\"https:\/\/quemalpuedehacer.es\/blog\/wp-content\/uploads\/2016\/12\/qmph-blog-avionetas-plateadas-26min21seg.jpg 480w, https:\/\/quemalpuedehacer.es\/blog\/wp-content\/uploads\/2016\/12\/qmph-blog-avionetas-plateadas-26min21seg-300x169.jpg 300w\" sizes=\"(max-width: 480px) 100vw, 480px\" \/><\/p>\n<p>Un programa que entrevist\u00f3 a much\u00edsimas m\u00e1s personas partidarias de la conspiranoia a las que concedi\u00f3 2\/3 de tiempo del total. Un programa que inquiri\u00f3 a la parte racional del asunto de un modo muy diferente de como lo hizo con quienes apoyan la existencia de lo que solo es un rumor. <strong>Un ejemplo de manual de desequilibrio informativo<\/strong> con el conocido resultado de un apoyo incomprensible a lo irracional.<\/p>\n<p>Y que nos deja la confirmaci\u00f3n de una sensaci\u00f3n: nuestros <strong>pol\u00edticos<\/strong> carecen en muchos casos de formaci\u00f3n suficiente para los cargos que ocupan. Y no tratan de formarse ni de buscar consejo en quien si conoce los temas, en especial los de ciencia. Que se margine la opini\u00f3n de AEMET cuando es la mayor experta en meteorolog\u00eda es para que muchas cosas se revisen. Y no quiero cerrar este fragmento sin dejar de <strong>pedir la dimisi\u00f3n<\/strong> de la corporaci\u00f3n del Ayto. de Bullas y de la Consejera de Agricultura de la Regi\u00f3n de Murcia. Por pedir&#8230; que no quede.<\/p>\n<h3>El postprograma<\/h3>\n<p>Tras el programa que apoy\u00f3 en octubre la conspiraci\u00f3n de las ondas que he citado al principio de este art\u00edculo Tere Borque acudi\u00f3 en defensa de sus compa\u00f1eros. Lo hizo con una <a href=\"https:\/\/twitter.com\/qmph_es\/status\/785434198089863168\" target=\"_blank\">clar\u00edsima falacia \u00abad ignorantiam\u00bb<\/a> que le se\u00f1al\u00e9 (lo cual no le gust\u00f3 mucho, claro). Al ver que ella era autora del reportaje de las avionetas volv\u00ed a citar esa falacia en Twitter. A la ma\u00f1ana del d\u00eda siguiente (lunes) encontr\u00e9 que esta reportera hab\u00eda realizado un <strong>comentario<\/strong> en<a href=\"http:\/\/quemalpuedehacer.es\/blog\/2016\/11\/30\/adios-homeopatia-adios-iii\/#comments\" target=\"_blank\"> un reciente art\u00edculo dedicado a otro tema<\/a>. Pese al \u00aboff topic\u00bb no tuve problema en contestarle. Tampoco a su alusi\u00f3n en Twitter.<\/p>\n<p>En su intento de escapar a la <strong>responsabilidad<\/strong> que tiene <strong>como periodista<\/strong> (incrementada por representar a un medio p\u00fablico como es RTVE) Tere Borque procedi\u00f3 a tratar de tergiversar, mentir, etc. lo que yo dec\u00eda. En especial result\u00f3 muy desagradable el <strong>espect\u00e1culo que protagoniz\u00f3 en Twitter<\/strong>.<\/p>\n<p>Pese a que ella ha borrado sus tweets (tratando de hacer ver que eso nunca ocurri\u00f3) pongo aqu\u00ed captura de los mismos que tom\u00e9 por precauci\u00f3n:<\/p>\n<div id=\"attachment_2431\" style=\"width: 409px\" class=\"wp-caption alignnone\"><img aria-describedby=\"caption-attachment-2431\" loading=\"lazy\" class=\"wp-image-2431\" src=\"http:\/\/quemalpuedehacer.es\/blog\/wp-content\/uploads\/2016\/12\/tereborque01.jpg\" width=\"399\" height=\"436\" srcset=\"https:\/\/quemalpuedehacer.es\/blog\/wp-content\/uploads\/2016\/12\/tereborque01.jpg 610w, https:\/\/quemalpuedehacer.es\/blog\/wp-content\/uploads\/2016\/12\/tereborque01-274x300.jpg 274w, https:\/\/quemalpuedehacer.es\/blog\/wp-content\/uploads\/2016\/12\/tereborque01-300x328.jpg 300w\" sizes=\"(max-width: 399px) 100vw, 399px\" \/><p id=\"caption-attachment-2431\" class=\"wp-caption-text\">Nos acusa de ridiculizar cuando solo exponemos una situaci\u00f3n.<\/p><\/div>\n<div id=\"attachment_2432\" style=\"width: 422px\" class=\"wp-caption alignnone\"><img aria-describedby=\"caption-attachment-2432\" loading=\"lazy\" class=\" wp-image-2432\" src=\"http:\/\/quemalpuedehacer.es\/blog\/wp-content\/uploads\/2016\/12\/tereborque02.jpg\" alt=\"\" width=\"412\" height=\"452\" srcset=\"https:\/\/quemalpuedehacer.es\/blog\/wp-content\/uploads\/2016\/12\/tereborque02.jpg 620w, https:\/\/quemalpuedehacer.es\/blog\/wp-content\/uploads\/2016\/12\/tereborque02-274x300.jpg 274w, https:\/\/quemalpuedehacer.es\/blog\/wp-content\/uploads\/2016\/12\/tereborque02-300x329.jpg 300w\" sizes=\"(max-width: 412px) 100vw, 412px\" \/><p id=\"caption-attachment-2432\" class=\"wp-caption-text\">Nos insulta.<\/p><\/div>\n<div id=\"attachment_2433\" style=\"width: 409px\" class=\"wp-caption alignnone\"><img aria-describedby=\"caption-attachment-2433\" loading=\"lazy\" class=\" wp-image-2433\" src=\"http:\/\/quemalpuedehacer.es\/blog\/wp-content\/uploads\/2016\/12\/tereborque03.jpg\" alt=\"\" width=\"399\" height=\"557\" srcset=\"https:\/\/quemalpuedehacer.es\/blog\/wp-content\/uploads\/2016\/12\/tereborque03.jpg 592w, https:\/\/quemalpuedehacer.es\/blog\/wp-content\/uploads\/2016\/12\/tereborque03-215x300.jpg 215w, https:\/\/quemalpuedehacer.es\/blog\/wp-content\/uploads\/2016\/12\/tereborque03-300x419.jpg 300w\" sizes=\"(max-width: 399px) 100vw, 399px\" \/><p id=\"caption-attachment-2433\" class=\"wp-caption-text\">Vuelve a insultar.<\/p><\/div>\n<div id=\"attachment_2434\" style=\"width: 407px\" class=\"wp-caption alignnone\"><img aria-describedby=\"caption-attachment-2434\" loading=\"lazy\" class=\" wp-image-2434\" src=\"http:\/\/quemalpuedehacer.es\/blog\/wp-content\/uploads\/2016\/12\/tereborque04b.jpg\" alt=\"\" width=\"397\" height=\"420\" srcset=\"https:\/\/quemalpuedehacer.es\/blog\/wp-content\/uploads\/2016\/12\/tereborque04b.jpg 591w, https:\/\/quemalpuedehacer.es\/blog\/wp-content\/uploads\/2016\/12\/tereborque04b-284x300.jpg 284w, https:\/\/quemalpuedehacer.es\/blog\/wp-content\/uploads\/2016\/12\/tereborque04b-300x317.jpg 300w\" sizes=\"(max-width: 397px) 100vw, 397px\" \/><p id=\"caption-attachment-2434\" class=\"wp-caption-text\">M\u00e1s insultos de esta reportera de TVE.<\/p><\/div>\n<div id=\"attachment_2435\" style=\"width: 402px\" class=\"wp-caption alignnone\"><img aria-describedby=\"caption-attachment-2435\" loading=\"lazy\" class=\" wp-image-2435\" src=\"http:\/\/quemalpuedehacer.es\/blog\/wp-content\/uploads\/2016\/12\/tereborque05.jpg\" alt=\"\" width=\"392\" height=\"522\" srcset=\"https:\/\/quemalpuedehacer.es\/blog\/wp-content\/uploads\/2016\/12\/tereborque05.jpg 606w, https:\/\/quemalpuedehacer.es\/blog\/wp-content\/uploads\/2016\/12\/tereborque05-225x300.jpg 225w, https:\/\/quemalpuedehacer.es\/blog\/wp-content\/uploads\/2016\/12\/tereborque05-300x400.jpg 300w\" sizes=\"(max-width: 392px) 100vw, 392px\" \/><p id=\"caption-attachment-2435\" class=\"wp-caption-text\">Tergiversa cuando se\u00f1alamos sus mentiras sobre, p.ej., un supuesto anonimato de mi parte, o presiones a UPF.<\/p><\/div>\n<div id=\"attachment_2436\" style=\"width: 408px\" class=\"wp-caption alignnone\"><img aria-describedby=\"caption-attachment-2436\" loading=\"lazy\" class=\" wp-image-2436\" src=\"http:\/\/quemalpuedehacer.es\/blog\/wp-content\/uploads\/2016\/12\/tereborque11b.jpg\" alt=\"\" width=\"398\" height=\"145\" srcset=\"https:\/\/quemalpuedehacer.es\/blog\/wp-content\/uploads\/2016\/12\/tereborque11b.jpg 576w, https:\/\/quemalpuedehacer.es\/blog\/wp-content\/uploads\/2016\/12\/tereborque11b-300x109.jpg 300w\" sizes=\"(max-width: 398px) 100vw, 398px\" \/><p id=\"caption-attachment-2436\" class=\"wp-caption-text\">Miente al decir que le llam\u00e9 \u00abmentirosa\u00bb.<\/p><\/div>\n<p>Y, por \u00faltimo, el que quiz\u00e1s para m\u00ed es <strong>el m\u00e1s grave de todos<\/strong>. Una profesional de la informaci\u00f3n requerida para poder poner una queja sobre su comportamiento y actuaci\u00f3n que se niega (adem\u00e1s con chuler\u00eda) a facilitar el dato de a qu\u00e9 colegio profesional pertenece. Es una <strong>falta de respeto a la audiencia<\/strong> de tal calibre que evidentemente no va a quedar aqu\u00ed ya que voy a trasladar todo esto a las <a href=\"http:\/\/www.comisiondequejas.com\/como-formular-una-queja\/\" target=\"_blank\">instituciones<\/a> que crea conveniente.<\/p>\n<p><img loading=\"lazy\" class=\"alignnone wp-image-2437\" src=\"http:\/\/quemalpuedehacer.es\/blog\/wp-content\/uploads\/2016\/12\/tereborque08b.jpg\" alt=\"\" width=\"517\" height=\"168\" srcset=\"https:\/\/quemalpuedehacer.es\/blog\/wp-content\/uploads\/2016\/12\/tereborque08b.jpg 587w, https:\/\/quemalpuedehacer.es\/blog\/wp-content\/uploads\/2016\/12\/tereborque08b-300x98.jpg 300w\" sizes=\"(max-width: 517px) 100vw, 517px\" \/><\/p>\n<p>Otras personas han tratado de hablar con ella sin \u00e9xito en Twitter ya que, directamente o tras una primera respuesta, ha procedido a bloquearlos como hizo con QMPH. Desde luego no es una forma muy transparente de interaccionar con el p\u00fablico.<\/p>\n<p>Mientras terminaba de escribir este art\u00edculo Tere Borque ha escrito un tweet que ha borrado al instante (aunque despu\u00e9s ha mantenido <a href=\"https:\/\/twitter.com\/tereborque\/status\/806586852555837442\" target=\"_blank\">este otro<\/a>). Lo doy por m\u00e1s que respondido con este art\u00edculo. Sobre RTVE, pues m\u00e1s de <a href=\"http:\/\/quemalpuedehacer.es\/blog\/2015\/06\/16\/rtve-evasivas-en-el-congreso\/\" target=\"_blank\">lo mismo que ya conocemos<\/a> sin esperanza de que cambie a corto plazo una vez sigue el mismo gobierno en Espa\u00f1a.<\/p>\n<p><img loading=\"lazy\" class=\"alignnone wp-image-2438\" src=\"http:\/\/quemalpuedehacer.es\/blog\/wp-content\/uploads\/2016\/12\/tereborque14.jpg\" alt=\"\" width=\"517\" height=\"93\" srcset=\"https:\/\/quemalpuedehacer.es\/blog\/wp-content\/uploads\/2016\/12\/tereborque14.jpg 589w, https:\/\/quemalpuedehacer.es\/blog\/wp-content\/uploads\/2016\/12\/tereborque14-300x54.jpg 300w\" sizes=\"(max-width: 517px) 100vw, 517px\" \/><\/p>\n<p><strong><em>Actualizaci\u00f3n 18\/12\/2016:<\/em><\/strong> <em>Aspecto de una <a href=\"http:\/\/www.20minutos.es\/noticia\/2915407\/0\/lluvia-reduce-participacion-concentracion-contra-manipulacion-climatica-albox\/\" target=\"_blank\" rel=\"nofollow\">concentraci\u00f3n de AVIAL<\/a> (asociaci\u00f3n a favor de la conspiranoia de las avionetas rompenubes) <a href=\"https:\/\/twitter.com\/osdiol\/status\/810444224797745152\" target=\"_blank\">hoy en Albox<\/a> (Almer\u00eda), en pleno temporal y con Almer\u00eda en alerta por intensas lluvias:<\/em><\/p>\n<div id=\"attachment_2474\" style=\"width: 645px\" class=\"wp-caption alignnone\"><img aria-describedby=\"caption-attachment-2474\" loading=\"lazy\" class=\" wp-image-2474\" src=\"http:\/\/quemalpuedehacer.es\/blog\/wp-content\/uploads\/2016\/12\/qmph-blog-avionetas-plateadas-Albox-AVIAL-18dic2016.jpg\" alt=\"qmph-blog--avionetas-plateadas--Albox-AVIAL-18dic2016\" width=\"635\" height=\"476\" srcset=\"https:\/\/quemalpuedehacer.es\/blog\/wp-content\/uploads\/2016\/12\/qmph-blog-avionetas-plateadas-Albox-AVIAL-18dic2016.jpg 960w, https:\/\/quemalpuedehacer.es\/blog\/wp-content\/uploads\/2016\/12\/qmph-blog-avionetas-plateadas-Albox-AVIAL-18dic2016-300x225.jpg 300w, https:\/\/quemalpuedehacer.es\/blog\/wp-content\/uploads\/2016\/12\/qmph-blog-avionetas-plateadas-Albox-AVIAL-18dic2016-768x576.jpg 768w\" sizes=\"(max-width: 635px) 100vw, 635px\" \/><p id=\"caption-attachment-2474\" class=\"wp-caption-text\">Muy gr\u00e1fico: protestando en pleno temporal de lluv\u00eda.<\/p><\/div>\n<p><em>PD. En efecto, El \u00daltimo de la Fila inspir\u00f3 el t\u00edtulo del art\u00edculo \ud83d\ude09<\/em><\/p>\n<p>&nbsp;<\/p>\n<div class=\"video-container\"><span class=\"embed-youtube\" style=\"text-align:center; display: block;\"><iframe class='youtube-player' width='650' height='366' src='https:\/\/www.youtube.com\/embed\/IqgfFwBVagM?version=3&#038;rel=1&#038;showsearch=0&#038;showinfo=1&#038;iv_load_policy=1&#038;fs=1&#038;hl=es-ES&#038;autohide=2&#038;wmode=transparent' allowfullscreen='true' style='border:0;' sandbox='allow-scripts allow-same-origin allow-popups allow-presentation'><\/iframe><\/span><\/div>\n","protected":false},"excerpt":{"rendered":"<p>El pasado domingo (06\/12\/2016) el canal 24 Horas de RTVE emiti\u00f3 el reportaje \u00abExpediente Avionetas\u00bb del programa Repor TVE. El reportaje lo firman Tere Borque y Toni Mateo, con la edici\u00f3n de Antoni Tom\u00e0s. En vista del lamentable apoyo a&hellip;  <\/p>\n<p class=\"more-link\"><a href=\"https:\/\/quemalpuedehacer.es\/blog\/2016\/12\/07\/avionetas-plateadas\/\">Seguir leyendo <span class=\"meta-nav\">&rarr;<\/span><\/a><\/p>\n","protected":false},"author":1,"featured_media":2440,"comment_status":"open","ping_status":"open","sticky":false,"template":"","format":"standard","meta":{"spay_email":""},"categories":[76,317,2,26,136],"tags":[622,620,624,340,619,623,106,621,303],"yoast_head":"<!-- This site is optimized with the Yoast SEO plugin v16.1.1 - https:\/\/yoast.com\/wordpress\/plugins\/seo\/ -->\n<link rel=\"canonical\" href=\"https:\/\/quemalpuedehacer.es\/blog\/2016\/12\/07\/avionetas-plateadas\/\" \/>\n<meta name=\"twitter:label1\" content=\"Tiempo de lectura\">\n\t<meta name=\"twitter:data1\" content=\"13 minutos\">\n<script type=\"application\/ld+json\" class=\"yoast-schema-graph\">{\"@context\":\"https:\/\/schema.org\",\"@graph\":[{\"@type\":\"Organization\",\"@id\":\"https:\/\/quemalpuedehacer.es\/blog\/#organization\",\"name\":\"\\u00bfQu\\u00e9 mal puede hacer?\",\"url\":\"https:\/\/quemalpuedehacer.es\/blog\/\",\"sameAs\":[],\"logo\":{\"@type\":\"ImageObject\",\"@id\":\"https:\/\/quemalpuedehacer.es\/blog\/#logo\",\"inLanguage\":\"es\",\"url\":\"https:\/\/quemalpuedehacer.es\/blog\/wp-content\/uploads\/2014\/01\/logo-que-mal-puede-hacer.png\",\"contentUrl\":\"https:\/\/quemalpuedehacer.es\/blog\/wp-content\/uploads\/2014\/01\/logo-que-mal-puede-hacer.png\",\"width\":2700,\"height\":2343,\"caption\":\"\\u00bfQu\\u00e9 mal puede hacer?\"},\"image\":{\"@id\":\"https:\/\/quemalpuedehacer.es\/blog\/#logo\"}},{\"@type\":\"WebSite\",\"@id\":\"https:\/\/quemalpuedehacer.es\/blog\/#website\",\"url\":\"https:\/\/quemalpuedehacer.es\/blog\/\",\"name\":\"\\u00bfQu\\u00e9 mal puede hacer? Blog\",\"description\":\"Contra las pseudociencias y los da\\u00f1os que causan\",\"publisher\":{\"@id\":\"https:\/\/quemalpuedehacer.es\/blog\/#organization\"},\"potentialAction\":[{\"@type\":\"SearchAction\",\"target\":\"https:\/\/quemalpuedehacer.es\/blog\/?s={search_term_string}\",\"query-input\":\"required name=search_term_string\"}],\"inLanguage\":\"es\"},{\"@type\":\"ImageObject\",\"@id\":\"https:\/\/quemalpuedehacer.es\/blog\/2016\/12\/07\/avionetas-plateadas\/#primaryimage\",\"inLanguage\":\"es\",\"url\":\"https:\/\/quemalpuedehacer.es\/blog\/wp-content\/uploads\/2016\/12\/qmph-blog-avionetas-plateadas-caratula.jpg\",\"contentUrl\":\"https:\/\/quemalpuedehacer.es\/blog\/wp-content\/uploads\/2016\/12\/qmph-blog-avionetas-plateadas-caratula.jpg\",\"width\":1170,\"height\":717,\"caption\":\"qmph-blog--avionetas-plateadas--caratula\"},{\"@type\":\"WebPage\",\"@id\":\"https:\/\/quemalpuedehacer.es\/blog\/2016\/12\/07\/avionetas-plateadas\/#webpage\",\"url\":\"https:\/\/quemalpuedehacer.es\/blog\/2016\/12\/07\/avionetas-plateadas\/\",\"name\":\"Avionetas plateadas - QMPH-Blog\",\"isPartOf\":{\"@id\":\"https:\/\/quemalpuedehacer.es\/blog\/#website\"},\"primaryImageOfPage\":{\"@id\":\"https:\/\/quemalpuedehacer.es\/blog\/2016\/12\/07\/avionetas-plateadas\/#primaryimage\"},\"datePublished\":\"2016-12-07T20:53:41+00:00\",\"dateModified\":\"2016-12-18T14:35:17+00:00\",\"breadcrumb\":{\"@id\":\"https:\/\/quemalpuedehacer.es\/blog\/2016\/12\/07\/avionetas-plateadas\/#breadcrumb\"},\"inLanguage\":\"es\",\"potentialAction\":[{\"@type\":\"ReadAction\",\"target\":[\"https:\/\/quemalpuedehacer.es\/blog\/2016\/12\/07\/avionetas-plateadas\/\"]}]},{\"@type\":\"BreadcrumbList\",\"@id\":\"https:\/\/quemalpuedehacer.es\/blog\/2016\/12\/07\/avionetas-plateadas\/#breadcrumb\",\"itemListElement\":[{\"@type\":\"ListItem\",\"position\":1,\"item\":{\"@type\":\"WebPage\",\"@id\":\"https:\/\/quemalpuedehacer.es\/blog\/\",\"url\":\"https:\/\/quemalpuedehacer.es\/blog\/\",\"name\":\"Portada\"}},{\"@type\":\"ListItem\",\"position\":2,\"item\":{\"@type\":\"WebPage\",\"@id\":\"https:\/\/quemalpuedehacer.es\/blog\/2016\/12\/07\/avionetas-plateadas\/\",\"url\":\"https:\/\/quemalpuedehacer.es\/blog\/2016\/12\/07\/avionetas-plateadas\/\",\"name\":\"Avionetas plateadas\"}}]},{\"@type\":\"Article\",\"@id\":\"https:\/\/quemalpuedehacer.es\/blog\/2016\/12\/07\/avionetas-plateadas\/#article\",\"isPartOf\":{\"@id\":\"https:\/\/quemalpuedehacer.es\/blog\/2016\/12\/07\/avionetas-plateadas\/#webpage\"},\"author\":{\"@id\":\"https:\/\/quemalpuedehacer.es\/blog\/#\/schema\/person\/2076d9ea29bc4c3992ddc86c3dfb4c75\"},\"headline\":\"Avionetas plateadas\",\"datePublished\":\"2016-12-07T20:53:41+00:00\",\"dateModified\":\"2016-12-18T14:35:17+00:00\",\"mainEntityOfPage\":{\"@id\":\"https:\/\/quemalpuedehacer.es\/blog\/2016\/12\/07\/avionetas-plateadas\/#webpage\"},\"commentCount\":1,\"publisher\":{\"@id\":\"https:\/\/quemalpuedehacer.es\/blog\/#organization\"},\"image\":{\"@id\":\"https:\/\/quemalpuedehacer.es\/blog\/2016\/12\/07\/avionetas-plateadas\/#primaryimage\"},\"keywords\":\"avionetas,Canal 24 Horas,chemtrails,conspiranoia,Repor TVE,rompenubes,rtve,Tere Borque,tve\",\"articleSection\":\"an\\u00e1lisis,falacias,investigaci\\u00f3n,medios,opini\\u00f3n\",\"inLanguage\":\"es\",\"potentialAction\":[{\"@type\":\"CommentAction\",\"name\":\"Comment\",\"target\":[\"https:\/\/quemalpuedehacer.es\/blog\/2016\/12\/07\/avionetas-plateadas\/#respond\"]}]},{\"@type\":\"Person\",\"@id\":\"https:\/\/quemalpuedehacer.es\/blog\/#\/schema\/person\/2076d9ea29bc4c3992ddc86c3dfb4c75\",\"name\":\"QMPH - Isidoro Mart\\u00ednez\",\"image\":{\"@type\":\"ImageObject\",\"@id\":\"https:\/\/quemalpuedehacer.es\/blog\/#personlogo\",\"inLanguage\":\"es\",\"url\":\"https:\/\/secure.gravatar.com\/avatar\/bcf83a648fbb23b1168a8331f6c2a52d?s=96&d=mm&r=g\",\"contentUrl\":\"https:\/\/secure.gravatar.com\/avatar\/bcf83a648fbb23b1168a8331f6c2a52d?s=96&d=mm&r=g\",\"caption\":\"QMPH - Isidoro Mart\\u00ednez\"},\"sameAs\":[\"http:\/\/quemalpuedehacer.es\",\"https:\/\/www.facebook.com\/quemalpuedehacer\",\"https:\/\/twitter.com\/qmph_es\"]}]}<\/script>\n<!-- \/ Yoast SEO plugin. -->","jetpack_featured_media_url":"https:\/\/quemalpuedehacer.es\/blog\/wp-content\/uploads\/2016\/12\/qmph-blog-avionetas-plateadas-caratula.jpg","jetpack_sharing_enabled":true,"_links":{"self":[{"href":"https:\/\/quemalpuedehacer.es\/blog\/wp-json\/wp\/v2\/posts\/2418"}],"collection":[{"href":"https:\/\/quemalpuedehacer.es\/blog\/wp-json\/wp\/v2\/posts"}],"about":[{"href":"https:\/\/quemalpuedehacer.es\/blog\/wp-json\/wp\/v2\/types\/post"}],"author":[{"embeddable":true,"href":"https:\/\/quemalpuedehacer.es\/blog\/wp-json\/wp\/v2\/users\/1"}],"replies":[{"embeddable":true,"href":"https:\/\/quemalpuedehacer.es\/blog\/wp-json\/wp\/v2\/comments?post=2418"}],"version-history":[{"count":0,"href":"https:\/\/quemalpuedehacer.es\/blog\/wp-json\/wp\/v2\/posts\/2418\/revisions"}],"wp:featuredmedia":[{"embeddable":true,"href":"https:\/\/quemalpuedehacer.es\/blog\/wp-json\/wp\/v2\/media\/2440"}],"wp:attachment":[{"href":"https:\/\/quemalpuedehacer.es\/blog\/wp-json\/wp\/v2\/media?parent=2418"}],"wp:term":[{"taxonomy":"category","embeddable":true,"href":"https:\/\/quemalpuedehacer.es\/blog\/wp-json\/wp\/v2\/categories?post=2418"},{"taxonomy":"post_tag","embeddable":true,"href":"https:\/\/quemalpuedehacer.es\/blog\/wp-json\/wp\/v2\/tags?post=2418"}],"curies":[{"name":"wp","href":"https:\/\/api.w.org\/{rel}","templated":true}]}}