{"id":1886,"date":"2015-12-13T11:32:57","date_gmt":"2015-12-13T10:32:57","guid":{"rendered":"http:\/\/quemalpuedehacer.es\/blog\/?p=1886"},"modified":"2015-12-13T19:52:18","modified_gmt":"2015-12-13T18:52:18","slug":"elecciones-20d-pseudociencia-programas","status":"publish","type":"post","link":"https:\/\/quemalpuedehacer.es\/blog\/2015\/12\/13\/elecciones-20d-pseudociencia-programas\/","title":{"rendered":"Elecciones 20D: \u00bfpseudociencia en los programas?"},"content":{"rendered":"<p style=\"text-align: justify;\">En unos d\u00edas se celebrar\u00e1n las<strong> elecciones generales del 20D<\/strong>. Tras el <strong>excelente\u00a0<\/strong><a href=\"http:\/\/hipertextual.com\/2015\/12\/elecciones-20-d-propuestas\" target=\"_blank\"><strong>an\u00e1lisis de \u00c1ngela Bernardo sobre las propuestas<\/strong><\/a> de ciencia y pseudociencia que presentan las cuatro formaciones que encabezan la <a href=\"http:\/\/www.lne.es\/elementosWeb\/gestionCajas\/MMP\/File\/2015\/\/cis-diciembre-2015.pdf\" target=\"_blank\" rel=\"nofollow\">encuesta del CIS <\/a>en intenci\u00f3n de voto en Hipertextual (<em>que deja en evidencia lagunas, carencias e intenciones de los mismos<\/em>) y el de <strong>Javier Pel\u00e1ez<\/strong> (<em>Irreductible<\/em>), que ha escrito al respecto <a href=\"http:\/\/irreductible.naukas.com\/2015\/12\/08\/especial-20d-y-ciencia-en-yahoo-espana\/\" target=\"_blank\">incluyendo adem\u00e1s a IU-UP<\/a>, quiz\u00e1s era oportuno <strong>analizar tambi\u00e9n qu\u00e9 incluyen al respecto en sus programas electorales otras formaciones<\/strong>.<\/p>\n<div id=\"attachment_1907\" style=\"width: 650px\" class=\"wp-caption alignnone\"><img aria-describedby=\"caption-attachment-1907\" loading=\"lazy\" class=\"size-full wp-image-1907\" src=\"http:\/\/quemalpuedehacer.es\/blog\/wp-content\/uploads\/2015\/12\/qmph-blog-20D-ElJueves.jpg\" alt=\"qmph-blog-20D--ElJueves\" width=\"640\" height=\"143\" srcset=\"https:\/\/quemalpuedehacer.es\/blog\/wp-content\/uploads\/2015\/12\/qmph-blog-20D-ElJueves.jpg 640w, https:\/\/quemalpuedehacer.es\/blog\/wp-content\/uploads\/2015\/12\/qmph-blog-20D-ElJueves-300x67.jpg 300w\" sizes=\"(max-width: 640px) 100vw, 640px\" \/><p id=\"caption-attachment-1907\" class=\"wp-caption-text\">Los principales candidatos del 20D caricaturizados por \u00abEl Jueves\u00bb.<\/p><\/div>\n<p style=\"text-align: justify;\">El orden de aparici\u00f3n ser\u00e1 aleatorio (<em>v\u00eda <a href=\"https:\/\/www.random.org\" target=\"_blank\" rel=\"nofollow\">random.org<\/a><\/em>) y consideraremos partidos con al menos un 0,1% en la citada encuesta. La <strong>lista completa de candidaturas<\/strong> proclamadas por circunscripci\u00f3n la pueden encontrar <a href=\"http:\/\/generales2015.interior.es\/es\/formaciones-politicas\/congreso\/proclamadas\/\" target=\"_blank\" rel=\"nofollow\">aqu\u00ed<\/a>. Como <strong><em>bonus track<\/em><\/strong> tambi\u00e9n analizaremos el programa de un partido concreto, relacionado en parte con la ciencia. Por cierto: <strong>Teresa Forcades<\/strong> no ser\u00e1 candidata: <em>Proc\u00e8s Constituent<\/em> no participa en las elecciones del 20D.<\/p>\n<h3>Analizados para el 20D por Hipertextual<\/h3>\n<p style=\"text-align: justify;\">Resumiendo lo analizado por \u00c1ngela Bernardo, el <strong>Partido Popular<\/strong> mantendr\u00e1 su pol\u00edtica nuclear, la construcci\u00f3n del <a href=\"http:\/\/naukas.com\/2015\/08\/13\/cementerios-nucleares-for-dummies-el-caso-del-atc-de-villar-de-canas\/\" target=\"_blank\">ATC de Villar de Ca\u00f1as<\/a> y apoya la biotecnolog\u00eda. En Sanidad no dice nada destacado, pero <strong>por sus actos (<a href=\"http:\/\/quemalpuedehacer.es\/blog\/2015\/06\/16\/rtve-evasivas-en-el-congreso\/\" target=\"_blank\"><em>inclu\u00eddos los de RTVE<\/em><\/a>) sabemos que apoya pseudociencias como la homeopat\u00eda<\/strong>, no regula adecuadamente las \u00abparaterapias\u00bb pseudocient\u00edficas aunque resulten en indefensi\u00f3n del consumidor. En el tema \u00abantivacunas\u00bb no han hecho nada aunque s\u00ed han mejorando situaciones como la de la varicela. Sobre las <a href=\"http:\/\/www.redaccionmedica.com\/noticia\/5000-firmas-enfermeras-contra-las-doulas-91543\" target=\"_blank\" rel=\"nofollow\"><em>\u00abdoulas\u00bb<\/em><\/a> nada de nada.<\/p>\n<p style=\"text-align: justify;\"><!--more--><\/p>\n<p style=\"text-align: justify;\"><strong>Podemos<\/strong> plantea el abandonar las energ\u00edas no renovables y no construir el ATC. No han retirado su <a href=\"http:\/\/www.europarl.europa.eu\/sides\/getDoc.do?pubRef=-\/\/EP\/\/TEXT+WQ+E-2015-010810+0+DOC+XML+V0\/\/ES\" target=\"_blank\">pregunta en el Parlamento Europeo<\/a> pero en el programa no hacen menci\u00f3n de ondas electromagn\u00e9ticas. Sobre <strong>transg\u00e9nicos<\/strong> (<em>Organismos modificados gen\u00e9ticamente<\/em> u OMG) hablan de prohibir las ayudas a su importaci\u00f3n. S\u00ed plantean incluir t\u00e9cnicas pseudocient\u00edficas en educaci\u00f3n y alimentan la quimiofobia con su intenci\u00f3n de prohibir el uso de <strong>Bisfenol A<\/strong>.<\/p>\n<div class=\"video-container\"><span class=\"embed-youtube\" style=\"text-align:center; display: block;\"><iframe class='youtube-player' width='650' height='366' src='https:\/\/www.youtube.com\/embed\/fY_h4BWjF70?version=3&#038;rel=1&#038;showsearch=0&#038;showinfo=1&#038;iv_load_policy=1&#038;fs=1&#038;hl=es-ES&#038;autohide=2&#038;wmode=transparent' allowfullscreen='true' style='border:0;' sandbox='allow-scripts allow-same-origin allow-popups allow-presentation'><\/iframe><\/span><\/div>\n<p style=\"text-align: justify;\"><strong>Ciudadanos<\/strong> <a href=\"http:\/\/www.elconfidencial.com\/tecnologia\/2015-12-01\/las-pseudociencias-entran-en-campana-ciudadanos-se-declara-en-contra_1110494\/\" target=\"_blank\" rel=\"nofollow\">se ha manifestado <strong>con rotundidad<\/strong><\/a> a favor de la Ciencia y <strong>contra las pseudociencias<\/strong>. Se posiciona a favor de los <strong>transg\u00e9nicos<\/strong> aplicando la cautela necesaria.<\/p>\n<p style=\"text-align: justify;\">El <strong>PSOE<\/strong> aboga por el cierre paulatino de las nucleares en favor de energ\u00edas alternativas y la promoci\u00f3n del consumo de productos ecol\u00f3gicos. Sorprendente es su <strong>apoyo a pseudociencias<\/strong> legales solo por estar comprendidas en el IAE y pagar impuestos: <span style=\"color: #0000ff;\"><em>\u00abel sector de las terapias naturales, que permita al ciudadano acudir a estos t\u00e9cnicos con las debidas garant\u00edas\u00bb<\/em><\/span>. La mayor garant\u00eda es ofrecer informaci\u00f3n sobre su falta de eficacia, aunque suponemos que el PSOE no se refiere a esto.<\/p>\n<h2>20D: otros partidos<\/h2>\n<h3>IU (Unidad Popular)<\/h3>\n<p style=\"text-align: justify;\">Coalici\u00f3n electoral compuesta por <em>Izquierda Unida<\/em>, <em>Unidad Popular en Com\u00fan<\/em>, <em>Chunta Aragonesista<\/em>, <em>Izquierda Asturiana<\/em>, <em>Batzarre-Asamblea de Izquierdas<\/em>, <em>Construyendo la Izquierda-Alternativa Socialista<\/em>, <em>Segoviemos<\/em> y <em>Izquierda Castellana<\/em>. Su <a href=\"http:\/\/issuu.com\/izquierda.unida\/docs\/programa_iu_elecciones_generales_20?e=0\/31695796\" target=\"_blank\" rel=\"nofollow\">programa<\/a> arranca con la idea de permitir el sufragio desde los 16 a\u00f1os. Completa <strong>laicidad del estado<\/strong> y modificaci\u00f3n de la relaci\u00f3n con la Iglesia Cat\u00f3lica. Gravar energ\u00edas no renovables y como otros hechos relacionados con la contaminaci\u00f3n, e ir hacia un 100% de renovables. Abogan por <strong>desprivatizar<\/strong> empresas energ\u00e9ticas, as\u00ed como por centralizar investigaci\u00f3n y distribuci\u00f3n de <strong>medicamentos<\/strong> en el estado. Impulsar\u00edan el I+D+i (<em>Investigaci\u00f3n, Desarrollo e innovaci\u00f3n<\/em>) junto con una <strong>ley espec\u00edfica sobre ciencia<\/strong>.<\/p>\n<div id=\"attachment_1913\" style=\"width: 650px\" class=\"wp-caption alignnone\"><img aria-describedby=\"caption-attachment-1913\" loading=\"lazy\" class=\"size-full wp-image-1913\" src=\"http:\/\/quemalpuedehacer.es\/blog\/wp-content\/uploads\/2015\/12\/qmph-blog-20D-arroz-dorado.jpg\" alt=\"qmph-blog-20D--arroz-dorado\" width=\"640\" height=\"270\" srcset=\"https:\/\/quemalpuedehacer.es\/blog\/wp-content\/uploads\/2015\/12\/qmph-blog-20D-arroz-dorado.jpg 640w, https:\/\/quemalpuedehacer.es\/blog\/wp-content\/uploads\/2015\/12\/qmph-blog-20D-arroz-dorado-300x127.jpg 300w\" sizes=\"(max-width: 640px) 100vw, 640px\" \/><p id=\"caption-attachment-1913\" class=\"wp-caption-text\">El arroz dorado (<em>a la derecha<\/em>) es un OMG que previene carencias de Vitamina A.<\/p><\/div>\n<p style=\"text-align: justify;\">Sin embargo, en contradicci\u00f3n a su apoyo a la biotecnolog\u00eda, <strong>prohibir\u00edan los transg\u00e9nicos en alimentaci\u00f3n<\/strong>. Tambi\u00e9n prohibir\u00edan los plaguicidas en recintos p\u00fablicos (<em>para felicidad de las plagas<\/em>) o el Bisfenol A en productos sanitarios, como cat\u00e9teres. Es decir, <strong>quimiofobia y tecnofobia<\/strong>. En la p\u00e1gina 192 hacen menci\u00f3n expresa a las <strong>pseudociencias<\/strong>, que<strong> no tendr\u00edan cabida<\/strong> alguna en el sistema sanitario ni apoyo p\u00fablico. En el \u00e1mbito cultural proponen potenciar la creaci\u00f3n e investigaci\u00f3n cient\u00edfica.<\/p>\n<p style=\"text-align: justify;\">Potenciaci\u00f3n del <a href=\"http:\/\/jmmulet.naukas.com\/2015\/03\/16\/quien-gana-dinero-con-la-agricultura-ecologica\/\" target=\"_blank\">sector agrario ecol\u00f3gico<\/a> por unas <strong>bondades no demostradas<\/strong>. Sobre el<a href=\"https:\/\/twitter.com\/maberalv\/status\/672416626646589443\" target=\"_blank\"> uso de animales en investigaci\u00f3n<\/a>, s\u00ed, pero no&#8230; pero s\u00ed&#8230; o no. Abusar de un t\u00e9rmino (como \u00abecol\u00f3gico\u00bb) lleva a decir cosas como que se har\u00eda una destrucci\u00f3n ecol\u00f3gica de los arsenales armament\u00edsticos. Muchas contradicciones.<\/p>\n<div id=\"attachment_1889\" style=\"width: 650px\" class=\"wp-caption alignnone\"><img aria-describedby=\"caption-attachment-1889\" loading=\"lazy\" class=\"size-full wp-image-1889\" src=\"http:\/\/quemalpuedehacer.es\/blog\/wp-content\/uploads\/2015\/12\/qmph-blog-20D-paz.jpg\" alt=\"qmph-blog-20D--paz\" width=\"640\" height=\"233\" srcset=\"https:\/\/quemalpuedehacer.es\/blog\/wp-content\/uploads\/2015\/12\/qmph-blog-20D-paz.jpg 640w, https:\/\/quemalpuedehacer.es\/blog\/wp-content\/uploads\/2015\/12\/qmph-blog-20D-paz-300x109.jpg 300w\" sizes=\"(max-width: 640px) 100vw, 640px\" \/><p id=\"caption-attachment-1889\" class=\"wp-caption-text\">Ojal\u00e1 haya pronto paz en el mundo pero hace falta algo m\u00e1s que pedirlo en un programa electoral.<\/p><\/div>\n<h3 style=\"text-align: justify;\">BNG (N\u00f3s-Candidatura Galega)<\/h3>\n<p style=\"text-align: justify;\">Coalici\u00f3n formada por <em>Partido Galeguista, Coalici\u00f3n Galega, Partido Comunista do Pobo Galego, Fronte Obreira Galega <\/em>y<em> Bloque Nacionalista Galego<\/em>. Se proclama como la \u00fanica 100% gallega de las presentadas y solo concurre en Galicia. El <a href=\"http:\/\/polaunion.gal\/wp-content\/uploads\/2015\/08\/programa-definitivo-NOS-xerais-2015.pdf\" target=\"_blank\" rel=\"nofollow\">programa electoral (<em>solo en galego<\/em>)<\/a> de esta coalici\u00f3n nacionalista apuesta por la conversi\u00f3n del modelo energ\u00e9tico a uno basado en renovables, en especial la energ\u00eda e\u00f3lica por sus condiciones naturales y con la prohibici\u00f3n del <a href=\"http:\/\/naukas.com\/2015\/04\/08\/fracking-calentamiento-global-y-otros-demonios\/\" target=\"_blank\"><em>\u00abfracking\u00bb<\/em><\/a>.<\/p>\n<p style=\"text-align: justify;\">Promover\u00eda el I+D+i y mudar\u00eda Galicia al uso horario GMT0 con el consiguiente ahorro energ\u00e9tico. Tambi\u00e9n llevar\u00edan a una laicidad del estado, incluyendo una ense\u00f1anza laica. No aparece la ecolog\u00eda, pero <strong>tampoco se cita la ciencia ni una sola vez<\/strong>. Las prioridades de esta candidatura est\u00e1n claras.<\/p>\n<h3 style=\"text-align: justify;\">En Com\u00fa Podem<\/h3>\n<p style=\"text-align: justify;\">Esta coalici\u00f3n compuesta por <em>Podem Catalunya<\/em>, <em>Iniciativa per Catalunya Verds<\/em>, <em>Esquerra Unida i Alternativa<\/em>, <em>Equo<\/em> y <em>Barcelona en Com\u00fa<\/em> solo concurre en las cuatro circunscripciones de Catalunya. <a href=\"http:\/\/encomupodem.cat\/es\/10-medidas-para-el-cambio\" target=\"_blank\" rel=\"nofollow\">No tienen un programa al uso<\/a>, sino 10 puntos breves para desarrollar y <strong>ninguno nombra la ciencia<\/strong>. S\u00ed hay bastante ecolog\u00eda.<\/p>\n<div id=\"attachment_1914\" style=\"width: 650px\" class=\"wp-caption alignnone\"><img aria-describedby=\"caption-attachment-1914\" loading=\"lazy\" class=\"size-full wp-image-1914\" src=\"http:\/\/quemalpuedehacer.es\/blog\/wp-content\/uploads\/2015\/12\/qmph-blog-20D-Mordillo.jpg\" alt=\"qmph-blog-20D--Mordillo\" width=\"640\" height=\"456\" srcset=\"https:\/\/quemalpuedehacer.es\/blog\/wp-content\/uploads\/2015\/12\/qmph-blog-20D-Mordillo.jpg 640w, https:\/\/quemalpuedehacer.es\/blog\/wp-content\/uploads\/2015\/12\/qmph-blog-20D-Mordillo-300x214.jpg 300w\" sizes=\"(max-width: 640px) 100vw, 640px\" \/><p id=\"caption-attachment-1914\" class=\"wp-caption-text\">Humor ecol\u00f3gico por el genial G. Mordillo.<\/p><\/div>\n<h3 style=\"text-align: justify;\">Geroa Bai<\/h3>\n<p style=\"text-align: justify;\">Geroa Bai (\u00abS\u00ed al futuro\u00bb en espa\u00f1ol) es una coalici\u00f3n nacionalista vasca ya existente anteriormente y que actualmente est\u00e1 formada por el <em>Partido Nacionalista Vasco<\/em>, <em>Atarrabia Taldea<\/em> y la asociaci\u00f3n <em>Zabaltzen<\/em>. Su p\u00e1gina web es algo confusa, por lo que analizamos el <a href=\"http:\/\/www.eaj-pnv.eus\/adjuntos\/pnvDocumentos\/17970_archivo.pdf\" target=\"_blank\" rel=\"nofollow\">programa electoral<\/a> del <strong>PNV<\/strong> para el 20D. Apuesta por la industria y la innovaci\u00f3n (I+D+i), sin dejar de apoya el sector primario ni olvidar el medio ambiente y su sostenibilidad. <strong>No hay referencias a la ciencia<\/strong>.<\/p>\n<h3 style=\"text-align: justify;\">Esquerra Republicana de Catalunya (ERC)<\/h3>\n<p style=\"text-align: justify;\">Su programa (<em>en catal\u00e1n<\/em>) lo hemos localizado <a href=\"http:\/\/www.20minutos.es\/noticia\/2625058\/0\/programa-electoral-erc\/elecciones-20d\/\" target=\"_blank\" rel=\"nofollow\">en un medio digital<\/a> ya que en su web no nos ha sido posible. Autoconsumo de renovables, que ser\u00edan todas las disponibles en 2050 como punto destacado en un programa muy marcado por otro inter\u00e9s principal.<\/p>\n<h3 style=\"text-align: justify;\">En Marea<\/h3>\n<p style=\"text-align: justify;\">Coalici\u00f3n circunscrita a Galicia formada por <em>Podemos<\/em>, <em>Esquerda Unida<\/em> y <em>Anova-Irmandade Nacionalista<\/em>. El <a href=\"http:\/\/enmarea.gal\/wp-content\/uploads\/2015\/12\/20_Ideas_20D_EnMarea.pdf\" target=\"_blank\" rel=\"nofollow\">programa<\/a> solo est\u00e1 en gallego. Promueven educaci\u00f3n laica y el, I+D+i. Pero propugnan un sistema hol\u00edstico de sanidad (<span style=\"color: #0000ff;\"><em>\u00abPromover a s\u00e1ude p\u00fablica dun xeito sist\u00e9mico, <strong>hol\u00edstico<\/strong> e transversal ao conxunto das pol\u00edticas p\u00fablicas\u00bb<\/em><\/span>), lo cual huele a chamusquina.<\/p>\n<div id=\"attachment_1903\" style=\"width: 600px\" class=\"wp-caption alignnone\"><img aria-describedby=\"caption-attachment-1903\" loading=\"lazy\" class=\"size-full wp-image-1903\" src=\"http:\/\/quemalpuedehacer.es\/blog\/wp-content\/uploads\/2015\/12\/qmph-blog-20D-Spidey-sense.jpg\" alt=\"qmph-blog-20D--Spidey-sense\" width=\"590\" height=\"264\" srcset=\"https:\/\/quemalpuedehacer.es\/blog\/wp-content\/uploads\/2015\/12\/qmph-blog-20D-Spidey-sense.jpg 590w, https:\/\/quemalpuedehacer.es\/blog\/wp-content\/uploads\/2015\/12\/qmph-blog-20D-Spidey-sense-300x134.jpg 300w\" sizes=\"(max-width: 590px) 100vw, 590px\" \/><p id=\"caption-attachment-1903\" class=\"wp-caption-text\">La palabra \u00abhol\u00edstico\u00bb activa nuestro \u00absentido ar\u00e1cnido\u00bb.<\/p><\/div>\n<p>Abogan por mejorar y descentralizar la agricultura, y por producir alimentos sanos (<em>menos mal<\/em>), lo cual se contradice con su intenci\u00f3n de frenar la <a href=\"http:\/\/jmmulet.naukas.com\/2015\/06\/24\/mitostransgenicos-los-transgenicos-acaban-con-la-biodiversidad\/\" target=\"_blank\">p\u00e9rdida de biodiversidad<\/a>. Prohibir\u00edan el <em>\u00abfracking\u00bb<\/em> y fomentar\u00edan las energ\u00edas renovables.<\/p>\n<h3 style=\"text-align: justify;\">EH Bildu<\/h3>\n<p style=\"text-align: justify;\">Otro partido centrado en otras cosas, por lo que hay pocos retazos en <a href=\"http:\/\/ehbildu.eus\/dokumentuak\/programa-congreso-senado-2015.pdf\" target=\"_blank\" rel=\"nofollow\">su programa<\/a> para lo que nos ocupa en este art\u00edculo. Sostenibilidad, cuidado del medio ambiente, cierre definitivo de Garo\u00f1a o la prohibici\u00f3n del <em>\u00abfracking\u00bb<\/em>. Otro partido que olvida la ciencia.<\/p>\n<h3 style=\"text-align: justify;\">UPyD<\/h3>\n<p style=\"text-align: justify;\">En Uni\u00f3n Progreso y Democracia proponen la laicidad del estado en <a href=\"http:\/\/upyd2015.es\/wp-content\/uploads\/2015\/12\/Programa_UPYD_Elecciones_Generales_2015.pdf\" target=\"_blank\" rel=\"nofollow\">su programa<\/a>. Habla de \u00bf<em>\u00abIndustria 4.0\u00bb<\/em>? basada en I+D+i y es posiblemente el \u00fanico partido que expresamente pide que se mantengan las nucleares aunque se potencien las energ\u00edas renovables. Apoyar\u00eda la biotecnolog\u00eda, desde la evidencia cient\u00edfica y fomentando debate sobre los transg\u00e9nicos (<em>\u00bfqu\u00e9 debate?<\/em>). El punto 210 merece ser transcrito:<\/p>\n<blockquote>\n<p style=\"text-align: justify;\"><em>\u00ab210. Proteger la Ciencia sin que esto implique infravalorar las Humanidades imprescindibles para desarrollo un pensamiento cr\u00edtico. La Ciencia es una herramienta de futuro cuyo potencial est\u00e1 infravalorado en nuestro sistema educativo. Se debe fomentar su conocimiento y desarrollos profesionales derivados.\u00bb<\/em><\/p>\n<\/blockquote>\n<p style=\"text-align: justify;\">Gobierne quien gobierne deber\u00eda de suscribir ese p\u00e1rrafo. A continuaci\u00f3n dedica un punto completo (el 6.7) a la investigaci\u00f3n en general y el siguiente a la investigaci\u00f3n en la Universidad. En Sanidad reducir\u00eda el consumo de medicamentos, vigilar\u00eda su publicidad y har\u00eda una regulaci\u00f3n estricta de aquellos sin eficacia demostrada. Y buscar\u00eda una pol\u00edtica ambiental razonable.<\/p>\n<h3 style=\"text-align: justify;\">Uni\u00f3 (Uni\u00f3 Democr\u00e0tica de Catalunya)<\/h3>\n<p style=\"text-align: justify;\">Tras su \u00abdivorcio\u00bb de <em>Converg\u00e8ncia<\/em>, concurren a estas elecciones con un <a href=\"http:\/\/www.unio.cat\/sites\/default\/files\/static\/images\/30-10-2015\/ResumProgramaElectoral.pdf\" target=\"_blank\" rel=\"nofollow\">programa (en catal\u00e1n) compuesto por 200 puntos<\/a>. Apuesta por la \u00abindustria 4.0\u00bb y el I+D+i como motores econ\u00f3micos. No nombra ni una sola vez a la Ciencia y lo m\u00e1s parecido que aparece ser\u00eda su potenciaci\u00f3n de la lucha contra el cambio clim\u00e1tico.<\/p>\n<h3>Coalici\u00f3n Canaria<\/h3>\n<p style=\"text-align: justify;\">El partido nacionalista canario propugna en <a href=\"http:\/\/coalicioncanaria.org\/wp-content\/uploads\/2015\/11\/PROGRAMA-ELEC-GEN-5-baja.pdf\" target=\"_blank\" rel=\"nofollow\">su programa<\/a> por las energ\u00edas renovables, as\u00ed como pol\u00edticas de ahorro (sobre todo por su singular situaci\u00f3n geogr\u00e1fica). Tambi\u00e9n promover\u00eda el I+D+i y el desarrollo cient\u00edfico-tecnol\u00f3gico, como refleja en un punto completo dedicado al tema.<\/p>\n<div id=\"attachment_1904\" style=\"width: 650px\" class=\"wp-caption alignnone\"><img aria-describedby=\"caption-attachment-1904\" loading=\"lazy\" class=\"size-full wp-image-1904\" src=\"http:\/\/quemalpuedehacer.es\/blog\/wp-content\/uploads\/2015\/12\/qmph-blog-20D-Canarias.jpg\" alt=\"qmph-blog-20D--Canarias\" width=\"640\" height=\"278\" srcset=\"https:\/\/quemalpuedehacer.es\/blog\/wp-content\/uploads\/2015\/12\/qmph-blog-20D-Canarias.jpg 640w, https:\/\/quemalpuedehacer.es\/blog\/wp-content\/uploads\/2015\/12\/qmph-blog-20D-Canarias-300x130.jpg 300w\" sizes=\"(max-width: 640px) 100vw, 640px\" \/><p id=\"caption-attachment-1904\" class=\"wp-caption-text\">Las Islas Canarias: un paraiso singular.<\/p><\/div>\n<h3 style=\"text-align: justify;\">Comprom\u00eds-Podemos-\u00c9s el Moment<\/h3>\n<p style=\"text-align: justify;\">Coalici\u00f3n electoral que concurre en la Comunidad de Valencia, y formada por <em>Bloc Nacionalista Valenci\u00e0, Iniciativa del Poble Valenci\u00e0, Verds Equo del Pa\u00eds Valenci\u00e0, Coalici\u00f3 Comprom\u00eds<\/em> y<em> Podemos<\/em>. No se queda en 200 puntos como Uni\u00f3 y llega a 1.000 en su amplio <a href=\"http:\/\/eselmoment.com\/public\/docs\/programa_EsElMoment_cas.pdf\" target=\"_blank\" rel=\"nofollow\">programa electoral<\/a>. Dentro de un estado sin ataduras religiosas, laicismo en la educaci\u00f3n con potenciaci\u00f3n del pensamiento cr\u00edtico&#8230; pero tambi\u00e9n de la <em>\u00abeducaci\u00f3n<\/em> emocional\u00bb. Combatir\u00e1n la \u00abdeshumanizaci\u00f3n\u00bb de los servicios sanitarios (<em>\u00bfacaso los llevan a cabo robots?<\/em>).<\/p>\n<p style=\"text-align: justify;\">Hablan de evidencia cient\u00edfica para la toma de decisiones en esta rama, as\u00ed como para los medicamentos. <strong>Proh\u00edben los transg\u00e9nicos en alimentaci\u00f3n<\/strong> aludiendo a la tergiversaci\u00f3n habitual del <a href=\"http:\/\/jmmulet.naukas.com\/2014\/05\/27\/argumentos-antitransgenicos-miente-que-algo-queda\/\" target=\"_blank\">principio de precauci\u00f3n<\/a>. Un impuesto a los productos fitosanitarios mientras hacen una transici\u00f3n a algo imposible: que sean respetuosos. <em><strong>Es como pedir a un antibi\u00f3tico ser respetuoso con las bacterias.<\/strong><\/em> Apoyar\u00e1n la banca \u00e9tica (<a href=\"http:\/\/magonia.com\/2013\/10\/24\/triodos-bank-contra-un-bloguero-que-denuncia-su-pertenencia-a-la-secta-esoterica-de-la-antroposofia\/\" target=\"_blank\">\u00bf<em>Triodos?<\/em><\/a>).<\/p>\n<p style=\"text-align: justify;\">Esta frase sobre <a href=\"http:\/\/jmmulet.naukas.com\/2015\/09\/02\/agricultura-ecologica-cosecha-de-subvenciones\/\" target=\"_blank\">otro sector a potenciar<\/a> es para enmarcarla (<em>mientras tratan de proveer las correspondientes e inexistentes evidencias&#8230;<\/em>): <em><span style=\"color: #0000ff;\">\u00abLa agricultura ecol\u00f3gica es mucho m\u00e1s saludable y da m\u00e1s empleo que la agricultura industrial.\u00bb<\/span><\/em> Otra perla es <em><span style=\"color: #0000ff;\">\u00abla sustituci\u00f3n y eliminaci\u00f3n de las sustancias contaminantes nocivas de los procesos<\/span> <span style=\"color: #0000ff;\">industriales.\u00bb<\/span><\/em> Si se usasen en dosis nocivas nos habr\u00edamos enterado, sin duda. Tambi\u00e9n aparece la transici\u00f3n a energ\u00edas renovables y la prohibici\u00f3n del <em>\u00abfracking\u00bb<\/em>.<\/p>\n<h3 style=\"text-align: justify;\">Converg\u00e8ncia (Democr\u00e0cia i Llibertat)<\/h3>\n<p style=\"text-align: justify;\"><em>Democr\u00e0cia i Llibertat<\/em> es la coalici\u00f3n nacionalista con la que concurre a este 20D la otra parte de la extinta CIU: <em>Converg\u00e8ncia Democr\u00e0tica de Catalunya<\/em>, junto a <em>Dem\u00f2crates de Catalunya<\/em> y <em>Reagrupament<\/em>. Su <a href=\"http:\/\/www.democraciaillibertat.cat\/wp-content\/uploads\/2015\/11\/programa-DL-2015.pdf\" target=\"_blank\" rel=\"nofollow\">programa (en catal\u00e1n) <\/a>est\u00e1 marcado por un tema principal que no (<em>tampoco en este caso<\/em>) es la Ciencia. Promocionar\u00edan la \u00abecoinnovaci\u00f3n\u00bb y las renovables, y todo lo que suene a \u00abeco\u00bb.<\/p>\n<div id=\"attachment_1905\" style=\"width: 650px\" class=\"wp-caption alignnone\"><img aria-describedby=\"caption-attachment-1905\" loading=\"lazy\" class=\"size-full wp-image-1905\" src=\"http:\/\/quemalpuedehacer.es\/blog\/wp-content\/uploads\/2015\/12\/qmph-blog-20D-nidos-eco.jpg\" alt=\"qmph-blog-20D--nidos-eco\" width=\"640\" height=\"347\" srcset=\"https:\/\/quemalpuedehacer.es\/blog\/wp-content\/uploads\/2015\/12\/qmph-blog-20D-nidos-eco.jpg 640w, https:\/\/quemalpuedehacer.es\/blog\/wp-content\/uploads\/2015\/12\/qmph-blog-20D-nidos-eco-300x163.jpg 300w\" sizes=\"(max-width: 640px) 100vw, 640px\" \/><p id=\"caption-attachment-1905\" class=\"wp-caption-text\">Ecolog\u00eda: s\u00ed. Sentido com\u00fan: tambi\u00e9n.<\/p><\/div>\n<h3>20D: <em>bonus track<\/em><\/h3>\n<p style=\"text-align: justify;\">Echamos tambi\u00e9n un vistazo al <a href=\"http:\/\/pacma.es\/wp-content\/uploads\/2015\/11\/Programa-electoral-PACMA-Elecciones-Generales-2015.pdf\" target=\"_blank\" rel=\"nofollow\">programa del <strong>PACMA<\/strong><\/a> (<em>Partido Animalista Contra el Maltrato Animal en Espa\u00f1a<\/em>). Su foco principal queda claro enseguida con su intenci\u00f3n de crear un observatorio y una fiscal\u00eda contra el maltrato animal. Ser\u00eda muy interesante que dentro de este foco <a href=\"http:\/\/quemalpuedehacer.es\/blog\/2014\/10\/21\/ellos-lo-harian-pseudociencia-animales\/\" target=\"_blank\">considerasen el uso de pseudociencias en animales como maltrato <\/a>al ser realizado de forma consciente y haber beneficiarios pecuniarios. Esto se podr\u00eda sumar al propuesto registro de personas que no pueden tener animales que proponen con otro de personas que no pueden tratar enfermedades en animales.<\/p>\n<p style=\"text-align: justify;\">Proponen desincentivar la compra hasta que se proh\u00edba la venta de animales dom\u00e9sticos, as\u00ed como fomentar la adopci\u00f3n y la esterilizaci\u00f3n. Interesante el <strong>prohibir m\u00e9todos de sacrificio religiosos<\/strong> (como los <em>halal<\/em> y <em>kosher<\/em>) que no cumplen la normativa m\u00ednima sobre bienestar de los animales. No tan razonable es proponer <a href=\"http:\/\/uncuartodeambiente.es\/2013\/02\/especies-invasoras-mascotas\/\" target=\"_blank\">eliminar las pol\u00edticas sobre especies invasoras<\/a>.<\/p>\n<p style=\"text-align: justify;\">Tampoco es razonable, como indican, acabar con la investigaci\u00f3n mediante <a href=\"http:\/\/www.eitb.eus\/es\/divulgacion\/naukas-bilbao\/videos\/detalle\/3466794\/video-naukas-bilbao-2015-charla-sergio-perez-acebron\/\" target=\"_blank\">experimentaci\u00f3n con animales<\/a>, aunque s\u00ed puede y debe seguir <a href=\"http:\/\/esmateria.com\/2014\/06\/09\/sin-experimentacion-animal-habria-medicina-moderna\/\" target=\"_blank\">mejor\u00e1ndose y reduci\u00e9ndose<\/a>. Sobre ofrecer un men\u00fa vegetariano o vegano en comedores escolares, etc. a quien lo solicite es buena idea. No lo es influenciar desde campa\u00f1as sesgadas y que asocien \u00absin animales\u00bb con \u00ab\u00e9tico\u00bb. La prohibici\u00f3n de la <strong>\u00abobsolescencia programada\u00bb<\/strong> es complicada, empezando por concretar la definici\u00f3n del t\u00e9rmino, pero iniciativas en este sentido pueden ayudar a reducir el consumismo desaforado y lo que acarrea.<\/p>\n<div id=\"attachment_1906\" style=\"width: 650px\" class=\"wp-caption alignnone\"><img aria-describedby=\"caption-attachment-1906\" loading=\"lazy\" class=\"size-full wp-image-1906\" src=\"http:\/\/quemalpuedehacer.es\/blog\/wp-content\/uploads\/2015\/12\/qmph-blog-20D-acupuntura-maltrato.jpg\" alt=\"qmph-blog-20D--acupuntura-maltrato\" width=\"640\" height=\"384\" srcset=\"https:\/\/quemalpuedehacer.es\/blog\/wp-content\/uploads\/2015\/12\/qmph-blog-20D-acupuntura-maltrato.jpg 640w, https:\/\/quemalpuedehacer.es\/blog\/wp-content\/uploads\/2015\/12\/qmph-blog-20D-acupuntura-maltrato-300x180.jpg 300w\" sizes=\"(max-width: 640px) 100vw, 640px\" \/><p id=\"caption-attachment-1906\" class=\"wp-caption-text\">Esto a\u00fan no es maltrato animal pese a carecer de pruebas de eficacia. Deber\u00eda.<\/p><\/div>\n<p style=\"text-align: justify;\">Autoconsumo, renovables, viviendas sostenibles y aumento de zonas verdes. Prohibici\u00f3n del \u00abfracking\u00bb y de las prospecciones costeras. Bien. Pero luego llegamos a la zona sin base cient\u00edfica de prohibici\u00f3n de la agricultura transg\u00e9nica (as\u00ed como su venta de productos y semillas) y apoyo a la reconversi\u00f3n a la <a href=\"http:\/\/scientiablog.com\/2014\/09\/08\/alimentos-ecologicos-mas-sanos-y-seguros\/\" target=\"_blank\">agricultura ecol\u00f3gica<\/a>. Piden una revisi\u00f3n de los estudios cient\u00edficos que les dejan sin apoyo (<em>que est\u00e1n m\u00e1s que revisados<\/em>).<\/p>\n<p style=\"text-align: justify;\">Proponen prohibir el <a href=\"http:\/\/jmmulet.naukas.com\/2015\/04\/22\/glifosato-mentiras-y-blogs-ecologistas\/\" target=\"_blank\">glifosato<\/a> y los pesticidas peligrosos: dif\u00edcil tarea ya que <a href=\"http:\/\/scientiablog.com\/2014\/05\/23\/es-racional-el-miedo-a-los-plaguicidas\/\" target=\"_blank\">no hay pesticidas peligrosos<\/a> sino dosis inocuas o t\u00f3xicas de los mismos. Y dejar a las plagas vagar libremente es una mala pol\u00edtica agraria. Tambi\u00e9n hablan de limitar productos disruptores endocrinos: raro que no pidan tambi\u00e9n <a href=\"http:\/\/blogs.20minutos.es\/el-nutricionista-de-la-general\/2015\/02\/27\/la-efsa-concluye-que-a-dia-de-hoy-la-actual-exposicion-al-bisfenol-a-es-segura\/\" target=\"_blank\">revisi\u00f3n de lo publicado<\/a> y que ya limita con holgura la exposici\u00f3n a los mismos.<\/p>\n<p style=\"text-align: justify;\">Por \u00faltimo piden la laicidad del estado (empezando por el concordato con el Vaticano), apoyo a banca \u00e9tica (<em>\u00bfTriodos quiz\u00e1s?<\/em>), al I+D+i \u00e9ticos y programas de apoyo a la ciencia, a la agricultura ecol\u00f3gica (<em>como no<\/em>) con m\u00e1s subvenciones (reduciendo las de la ganader\u00eda eco).<\/p>\n<blockquote class=\"twitter-tweet\" lang=\"es\">\n<p dir=\"ltr\" lang=\"es\">Hoy en @vueltavueltaRNE, publicidad de Triodos Bank, que recordemos financia pseudociencias. <a href=\"https:\/\/t.co\/nypwOwhcjd\">https:\/\/t.co\/nypwOwhcjd<\/a> <a href=\"https:\/\/t.co\/NdzidxFF1g\">https:\/\/t.co\/NdzidxFF1g<\/a><\/p>\n<p>\u2014 Qu\u00e9 mal puede hacer? (@qmph_es) <a href=\"https:\/\/twitter.com\/qmph_es\/status\/602796678299688960\">Mayo 25, 2015<\/a><\/p><\/blockquote>\n<h2>20D: la decisi\u00f3n final es suya<\/h2>\n<p style=\"text-align: justify;\">Ustedes tiene la decisi\u00f3n definitiva, primero si votar o no hacerlo. En cualquier caso, decidan con la mayor informaci\u00f3n disponible sobre las propuestas y las formas de hacer de los candidatos. Y recuerden <a href=\"http:\/\/hipertextual.com\/2015\/05\/voto-nul-y-voto-en-blanco\" target=\"_blank\">lo que implica un voto en blanco o nulo<\/a>. Lo m\u00e1s importante es que hagan lo que hagan lo realicen <strong>con la mayor libertad posible<\/strong>. El d\u00eda 20 de diciembre por la noche conoceremos los resultados y sabremos algo m\u00e1s de lo que deparar\u00e1 a Espa\u00f1a hasta el a\u00f1o 2019. Esperemos que incluya una pol\u00edtica que escuche a los ciudadanos y, sobre todo a la Ciencia.<\/p>\n<p style=\"text-align: justify;\"><em>PD. Por cierto, \u00bfvan siguiendo a los partidos que ganaron en las <a href=\"http:\/\/quemalpuedehacer.es\/blog\/2015\/05\/22\/elecciones-24m-promesas-y-pseudociencia\/\" target=\"_blank\">elecciones municipales y auton\u00f3micas del 24M<\/a> y sus promesas?<\/em><\/p>\n<h5 style=\"text-align: justify;\"><span style=\"color: #663399;\"><em>Gracias a <a href=\"https:\/\/twitter.com\/maberalv\/status\/672765566374035456\" target=\"_blank\">\u00c1ngela Bernardo<\/a> por permitirnos incluir resumida parte de su art\u00edculo.<\/em><\/span><\/h5>\n<p style=\"text-align: justify;\"><span style=\"color: #008080;\"><strong><em>Si lo deseas puedes difundir este art\u00edculo a trav\u00e9s de <\/em><\/strong><\/span><script src=\"http:\/\/divulgame.net\/api\/check_url.js.php\" type=\"text\/javascript\"><\/script><\/p>\n","protected":false},"excerpt":{"rendered":"<p>En unos d\u00edas se celebrar\u00e1n las elecciones generales del 20D. Tras el excelente\u00a0an\u00e1lisis de \u00c1ngela Bernardo sobre las propuestas de ciencia y pseudociencia que presentan las cuatro formaciones que encabezan la encuesta del CIS en intenci\u00f3n de voto en Hipertextual&hellip;  <\/p>\n<p class=\"more-link\"><a href=\"https:\/\/quemalpuedehacer.es\/blog\/2015\/12\/13\/elecciones-20d-pseudociencia-programas\/\">Seguir leyendo <span class=\"meta-nav\">&rarr;<\/span><\/a><\/p>\n","protected":false},"author":1,"featured_media":1909,"comment_status":"open","ping_status":"open","sticky":false,"template":"","format":"standard","meta":{"spay_email":""},"categories":[76,2,4,136],"tags":[483,482,364,485,481,484],"yoast_head":"<!-- This site is optimized with the Yoast SEO plugin v16.1.1 - https:\/\/yoast.com\/wordpress\/plugins\/seo\/ -->\n<link rel=\"canonical\" href=\"https:\/\/quemalpuedehacer.es\/blog\/2015\/12\/13\/elecciones-20d-pseudociencia-programas\/\" \/>\n<meta name=\"twitter:label1\" content=\"Tiempo de lectura\">\n\t<meta name=\"twitter:data1\" content=\"13 minutos\">\n<script type=\"application\/ld+json\" class=\"yoast-schema-graph\">{\"@context\":\"https:\/\/schema.org\",\"@graph\":[{\"@type\":\"Organization\",\"@id\":\"http:\/\/quemalpuedehacer.es\/blog\/#organization\",\"name\":\"\\u00bfQu\\u00e9 mal puede hacer?\",\"url\":\"http:\/\/quemalpuedehacer.es\/blog\/\",\"sameAs\":[],\"logo\":{\"@type\":\"ImageObject\",\"@id\":\"http:\/\/quemalpuedehacer.es\/blog\/#logo\",\"inLanguage\":\"es\",\"url\":\"https:\/\/quemalpuedehacer.es\/blog\/wp-content\/uploads\/2014\/01\/logo-que-mal-puede-hacer.png\",\"contentUrl\":\"https:\/\/quemalpuedehacer.es\/blog\/wp-content\/uploads\/2014\/01\/logo-que-mal-puede-hacer.png\",\"width\":2700,\"height\":2343,\"caption\":\"\\u00bfQu\\u00e9 mal puede hacer?\"},\"image\":{\"@id\":\"http:\/\/quemalpuedehacer.es\/blog\/#logo\"}},{\"@type\":\"WebSite\",\"@id\":\"http:\/\/quemalpuedehacer.es\/blog\/#website\",\"url\":\"http:\/\/quemalpuedehacer.es\/blog\/\",\"name\":\"\\u00bfQu\\u00e9 mal puede hacer? Blog\",\"description\":\"Contra las pseudociencias y los da\\u00f1os que causan\",\"publisher\":{\"@id\":\"http:\/\/quemalpuedehacer.es\/blog\/#organization\"},\"potentialAction\":[{\"@type\":\"SearchAction\",\"target\":\"http:\/\/quemalpuedehacer.es\/blog\/?s={search_term_string}\",\"query-input\":\"required name=search_term_string\"}],\"inLanguage\":\"es\"},{\"@type\":\"ImageObject\",\"@id\":\"https:\/\/quemalpuedehacer.es\/blog\/2015\/12\/13\/elecciones-20d-pseudociencia-programas\/#primaryimage\",\"inLanguage\":\"es\",\"url\":\"https:\/\/quemalpuedehacer.es\/blog\/wp-content\/uploads\/2015\/12\/qmph-blog-20D-caratula.jpg\",\"contentUrl\":\"https:\/\/quemalpuedehacer.es\/blog\/wp-content\/uploads\/2015\/12\/qmph-blog-20D-caratula.jpg\",\"width\":640,\"height\":237,\"caption\":\"qmph-blog-20D--caratula\"},{\"@type\":\"WebPage\",\"@id\":\"https:\/\/quemalpuedehacer.es\/blog\/2015\/12\/13\/elecciones-20d-pseudociencia-programas\/#webpage\",\"url\":\"https:\/\/quemalpuedehacer.es\/blog\/2015\/12\/13\/elecciones-20d-pseudociencia-programas\/\",\"name\":\"Elecciones 20D: \\u00bfpseudociencia en los programas? - QMPH-Blog\",\"isPartOf\":{\"@id\":\"http:\/\/quemalpuedehacer.es\/blog\/#website\"},\"primaryImageOfPage\":{\"@id\":\"https:\/\/quemalpuedehacer.es\/blog\/2015\/12\/13\/elecciones-20d-pseudociencia-programas\/#primaryimage\"},\"datePublished\":\"2015-12-13T10:32:57+00:00\",\"dateModified\":\"2015-12-13T18:52:18+00:00\",\"breadcrumb\":{\"@id\":\"https:\/\/quemalpuedehacer.es\/blog\/2015\/12\/13\/elecciones-20d-pseudociencia-programas\/#breadcrumb\"},\"inLanguage\":\"es\",\"potentialAction\":[{\"@type\":\"ReadAction\",\"target\":[\"https:\/\/quemalpuedehacer.es\/blog\/2015\/12\/13\/elecciones-20d-pseudociencia-programas\/\"]}]},{\"@type\":\"BreadcrumbList\",\"@id\":\"https:\/\/quemalpuedehacer.es\/blog\/2015\/12\/13\/elecciones-20d-pseudociencia-programas\/#breadcrumb\",\"itemListElement\":[{\"@type\":\"ListItem\",\"position\":1,\"item\":{\"@type\":\"WebPage\",\"@id\":\"http:\/\/quemalpuedehacer.es\/blog\/\",\"url\":\"http:\/\/quemalpuedehacer.es\/blog\/\",\"name\":\"Portada\"}},{\"@type\":\"ListItem\",\"position\":2,\"item\":{\"@type\":\"WebPage\",\"@id\":\"https:\/\/quemalpuedehacer.es\/blog\/2015\/12\/13\/elecciones-20d-pseudociencia-programas\/\",\"url\":\"https:\/\/quemalpuedehacer.es\/blog\/2015\/12\/13\/elecciones-20d-pseudociencia-programas\/\",\"name\":\"Elecciones 20D: \\u00bfpseudociencia en los programas?\"}}]},{\"@type\":\"Article\",\"@id\":\"https:\/\/quemalpuedehacer.es\/blog\/2015\/12\/13\/elecciones-20d-pseudociencia-programas\/#article\",\"isPartOf\":{\"@id\":\"https:\/\/quemalpuedehacer.es\/blog\/2015\/12\/13\/elecciones-20d-pseudociencia-programas\/#webpage\"},\"author\":{\"@id\":\"http:\/\/quemalpuedehacer.es\/blog\/#\/schema\/person\/2076d9ea29bc4c3992ddc86c3dfb4c75\"},\"headline\":\"Elecciones 20D: \\u00bfpseudociencia en los programas?\",\"datePublished\":\"2015-12-13T10:32:57+00:00\",\"dateModified\":\"2015-12-13T18:52:18+00:00\",\"mainEntityOfPage\":{\"@id\":\"https:\/\/quemalpuedehacer.es\/blog\/2015\/12\/13\/elecciones-20d-pseudociencia-programas\/#webpage\"},\"commentCount\":8,\"publisher\":{\"@id\":\"http:\/\/quemalpuedehacer.es\/blog\/#organization\"},\"image\":{\"@id\":\"https:\/\/quemalpuedehacer.es\/blog\/2015\/12\/13\/elecciones-20d-pseudociencia-programas\/#primaryimage\"},\"keywords\":\"20\/12\/2015,20d,Congreso de los Diputados,elecciones generales 2015,programa electoral,Senado\",\"articleSection\":\"an\\u00e1lisis,investigaci\\u00f3n,noticias,opini\\u00f3n\",\"inLanguage\":\"es\",\"potentialAction\":[{\"@type\":\"CommentAction\",\"name\":\"Comment\",\"target\":[\"https:\/\/quemalpuedehacer.es\/blog\/2015\/12\/13\/elecciones-20d-pseudociencia-programas\/#respond\"]}]},{\"@type\":\"Person\",\"@id\":\"http:\/\/quemalpuedehacer.es\/blog\/#\/schema\/person\/2076d9ea29bc4c3992ddc86c3dfb4c75\",\"name\":\"QMPH - Isidoro Mart\\u00ednez\",\"image\":{\"@type\":\"ImageObject\",\"@id\":\"http:\/\/quemalpuedehacer.es\/blog\/#personlogo\",\"inLanguage\":\"es\",\"url\":\"https:\/\/secure.gravatar.com\/avatar\/bcf83a648fbb23b1168a8331f6c2a52d?s=96&d=mm&r=g\",\"contentUrl\":\"https:\/\/secure.gravatar.com\/avatar\/bcf83a648fbb23b1168a8331f6c2a52d?s=96&d=mm&r=g\",\"caption\":\"QMPH - Isidoro Mart\\u00ednez\"},\"sameAs\":[\"http:\/\/quemalpuedehacer.es\",\"https:\/\/www.facebook.com\/quemalpuedehacer\",\"https:\/\/twitter.com\/qmph_es\"]}]}<\/script>\n<!-- \/ Yoast SEO plugin. -->","jetpack_featured_media_url":"https:\/\/quemalpuedehacer.es\/blog\/wp-content\/uploads\/2015\/12\/qmph-blog-20D-caratula.jpg","jetpack_sharing_enabled":true,"_links":{"self":[{"href":"https:\/\/quemalpuedehacer.es\/blog\/wp-json\/wp\/v2\/posts\/1886"}],"collection":[{"href":"https:\/\/quemalpuedehacer.es\/blog\/wp-json\/wp\/v2\/posts"}],"about":[{"href":"https:\/\/quemalpuedehacer.es\/blog\/wp-json\/wp\/v2\/types\/post"}],"author":[{"embeddable":true,"href":"https:\/\/quemalpuedehacer.es\/blog\/wp-json\/wp\/v2\/users\/1"}],"replies":[{"embeddable":true,"href":"https:\/\/quemalpuedehacer.es\/blog\/wp-json\/wp\/v2\/comments?post=1886"}],"version-history":[{"count":0,"href":"https:\/\/quemalpuedehacer.es\/blog\/wp-json\/wp\/v2\/posts\/1886\/revisions"}],"wp:featuredmedia":[{"embeddable":true,"href":"https:\/\/quemalpuedehacer.es\/blog\/wp-json\/wp\/v2\/media\/1909"}],"wp:attachment":[{"href":"https:\/\/quemalpuedehacer.es\/blog\/wp-json\/wp\/v2\/media?parent=1886"}],"wp:term":[{"taxonomy":"category","embeddable":true,"href":"https:\/\/quemalpuedehacer.es\/blog\/wp-json\/wp\/v2\/categories?post=1886"},{"taxonomy":"post_tag","embeddable":true,"href":"https:\/\/quemalpuedehacer.es\/blog\/wp-json\/wp\/v2\/tags?post=1886"}],"curies":[{"name":"wp","href":"https:\/\/api.w.org\/{rel}","templated":true}]}}