{"id":1839,"date":"2015-11-09T14:17:40","date_gmt":"2015-11-09T13:17:40","guid":{"rendered":"http:\/\/quemalpuedehacer.es\/blog\/?p=1839"},"modified":"2015-11-09T17:38:33","modified_gmt":"2015-11-09T16:38:33","slug":"medios-publicos-catalunya-pseudociencias","status":"publish","type":"post","link":"https:\/\/quemalpuedehacer.es\/blog\/2015\/11\/09\/medios-publicos-catalunya-pseudociencias\/","title":{"rendered":"Medios p\u00fablicos de Catalunya con las pseudociencias"},"content":{"rendered":"<p style=\"text-align: justify;\">El pasado <strong>5 de junio de 2015<\/strong> remitimos al <a href=\"https:\/\/www.cac.cat\/web\/oda\/index.jsp?MzA%3D&amp;MQ%3D%3D&amp;L3dlYi9vZGEvaW5kZXhDb250ZW50\" target=\"_blank\" rel=\"nofollow\"><strong>Consell de l&#8217;Audiovisual de Catalunya<\/strong><\/a> una <strong>queja doble<\/strong> por dos programas de la <strong><a href=\"http:\/\/www.ccma.cat\" target=\"_blank\" rel=\"nofollow\">Corporaci\u00f2 Catalana de Mitjans Audiovisuals<\/a><\/strong> (<em>Corporaci\u00f3n Catalana de Medios Audiovisuales<\/em>).<\/p>\n<p style=\"text-align: justify;\">Por un lado protestamos por el programa <strong>\u00abRetrats\u00bb<\/strong>(<em>Retratos<\/em>) de Canal <strong>33<\/strong>, conducido por el presentador <strong>Jaume Barber\u00e0<\/strong>, ya que ven\u00eda dando cabida y<a href=\"http:\/\/www.ccma.cat\/tv3\/alacarta\/retrats\/xevi-verdaguer-la-salut-hormonal\/video\/5472791\/\" target=\"_blank\" rel=\"nofollow\"> publicidad a varias pseudociencias<\/a> (<em>como las de Xevi Verdaguer, y <a href=\"http:\/\/www.ccma.cat\/tv3\/alacarta\/retrats\/jordi-salo-darder-de-la-necessitat-virtut\/video\/5481978\/\" target=\"_blank\" rel=\"nofollow\">muchos m\u00e1s<\/a>. <a href=\"http:\/\/www.ccma.cat\/tv3\/alacarta\/retrats\/javier-aizpiri-a-retrats-el-95-de-les-malalties-actuals-estan-produides-per-alteracions-mediambientals\/video\/5504857\/\" target=\"_blank\" rel=\"nofollow\">Y m\u00e1s<\/a>. <\/em>). La otra protesta fue por dar, en un momento cr\u00edtico (<em>el caso de difteria en Olot que <a href=\"http:\/\/quemalpuedehacer.es\/dk\/doku.php?id=wiki:miedos-conspiraciones:antivacunas:2015-06-28-muerte-olot-difteria\" target=\"_blank\">cost\u00f3 la vida a Pau<\/a><\/em>), voz a <strong>Ortrud Lindemann<\/strong>, una conocida <strong>antivacunas<\/strong> en el programa <strong>\u00abLa tribu\u00bb<\/strong> de <strong>Catalunya R\u00e0dio<\/strong>.<\/p>\n<div id=\"attachment_1843\" style=\"width: 650px\" class=\"wp-caption alignnone\"><a href=\"http:\/\/www.lasexta.com\/programas\/equipo-investigacion\/noticias\/ortrud-lindemann-doctora-hay-ninguna-vacuna-que-sea-segura-100_2015103000410.htmlhttp:\/\/\"><img aria-describedby=\"caption-attachment-1843\" loading=\"lazy\" class=\"size-full wp-image-1843\" src=\"http:\/\/quemalpuedehacer.es\/blog\/wp-content\/uploads\/2015\/11\/qmph-blog-medios-publicos-catalanes-Ortrud-Lindemann.jpg\" alt=\"qmph-blog-medios-publicos-catalanes--Ortrud-Lindemann\" width=\"640\" height=\"358\" srcset=\"https:\/\/quemalpuedehacer.es\/blog\/wp-content\/uploads\/2015\/11\/qmph-blog-medios-publicos-catalanes-Ortrud-Lindemann.jpg 640w, https:\/\/quemalpuedehacer.es\/blog\/wp-content\/uploads\/2015\/11\/qmph-blog-medios-publicos-catalanes-Ortrud-Lindemann-300x168.jpg 300w\" sizes=\"(max-width: 640px) 100vw, 640px\" \/><\/a><p id=\"caption-attachment-1843\" class=\"wp-caption-text\">La antivacunas Ortrud Lindemann en \u00abEquipo de Investigaci\u00f3n\u00bb (La Sexta)<\/p><\/div>\n<p>Su respuesta se ha demorado hasta el <strong>9 de noviembre<\/strong> y, pese a que podr\u00eda quedar ya sin inter\u00e9s tras 5 meses desde que remitimos la queja, la publicamos para que se vea bien claro lo que sucede en los medios p\u00fablicos:<\/p>\n<p><!--more--><\/p>\n<blockquote>\n<p style=\"text-align: justify;\"><em><span style=\"color: #993300;\">Benvolgut\/da,<\/span><\/em><\/p>\n<p style=\"text-align: justify;\"><em><span style=\"color: #993300;\">En relaci\u00f3 a la queixa que v\u00e0reu presentar sobre el programa La tribu em\u00e8s per Catalunya R\u00e0dio el <strong>4 de juny de 2015<\/strong>, i <a href=\"http:\/\/www.ccma.cat\/tv3\/retrats\/jaume-barbera-conversa-amb-maria-teresa-ilari-metge-internista-i-terapeuta-amb-aigua-de-mar\/noticia\/2668255\/\" target=\"_blank\" rel=\"nofollow\">el programa Retrats, titulat \u201cAigua de mar\u201d<\/a> i em\u00e8s pel 33 el dia <strong>3 de juny<\/strong>, us informem que el serveis t\u00e8cnics del Consell han analitzat l\u2019edici\u00f3 del programa conduit per <a href=\"http:\/\/www.ccma.cat\/tv3\/retrats\/equip\/\" target=\"_blank\" rel=\"nofollow\"><strong>Jaume Barber\u00e0<\/strong><\/a> en el que s\u2019entrevista a <strong>Maria Teresa Ilari<\/strong> aix\u00ed com el contingut\u00a0 de l\u2019entrevista a <strong>Ortrud Lindemann<\/strong> emesa al programa La tribu. Complement\u00e0riament.<\/span><\/em><\/p>\n<p style=\"text-align: justify;\"><em><span style=\"color: #993300;\">Pel que fa al programa <strong>Retrats<\/strong>, del que cal tenir en compte que \u00e9s un espai d\u2019entrevistes que segons la pr\u00f2pia definici\u00f3 del programa, <strong>pret\u00e9n presentar \u201cpersonatges desconeguts que sorprenen\u201d<\/strong> i es planteja com una continuaci\u00f3 del programa \u201cSingulars\u201d, canviant l\u2019entorn en el que s\u2019efectua l\u2019entrevista, s\u2019ha analitzat si hi ha posicionament per part del conductor del programa respecte la tem\u00e0tica que s\u2019aborda a l\u2019entrevista. La <strong>conclusi\u00f3 de l\u2019an\u00e0lisi<\/strong> \u00e9s que respecte al posicionament del conductor del programa s\u2019ent\u00e9n que aquest no adopta una actitud de complaen\u00e7a envers les teories i posicionaments de la persona entrevistada i en ocasions mostra un cert escepticisme o actitud cr\u00edtica davant algunes afirmacions.<\/span><\/em><\/p>\n<\/blockquote>\n<div id=\"attachment_1845\" style=\"width: 650px\" class=\"wp-caption alignnone\"><img aria-describedby=\"caption-attachment-1845\" loading=\"lazy\" class=\"size-full wp-image-1845\" src=\"http:\/\/quemalpuedehacer.es\/blog\/wp-content\/uploads\/2015\/11\/qmph-blog-medios-publicos-catalanes-Retrats-Jaume-Barber\u00e0.jpg\" alt=\"qmph-blog-medios-publicos-catalanes--Retrats-Jaume-Barber\u00e0\" width=\"640\" height=\"100\" srcset=\"https:\/\/quemalpuedehacer.es\/blog\/wp-content\/uploads\/2015\/11\/qmph-blog-medios-publicos-catalanes-Retrats-Jaume-Barber\u00e0.jpg 640w, https:\/\/quemalpuedehacer.es\/blog\/wp-content\/uploads\/2015\/11\/qmph-blog-medios-publicos-catalanes-Retrats-Jaume-Barber\u00e0-300x47.jpg 300w\" sizes=\"(max-width: 640px) 100vw, 640px\" \/><p id=\"caption-attachment-1845\" class=\"wp-caption-text\">Retratados&#8230;<\/p><\/div>\n<blockquote>\n<p style=\"text-align: justify;\"><em><span style=\"color: #993300;\">D\u2019altra banda, i en relaci\u00f3 a la part de la queixa que feia refer\u00e8ncia al programa <strong>La tribu<\/strong>, s\u2019ha <strong>analitzat el contingut<\/strong> de l\u2019entrevista a <strong>Ortrud Lindemann<\/strong>, aix\u00ed com quines han estat les persones que com a professionals de la medicina i la salut han tingut veu, en relaci\u00f3 al tema de la vacunaci\u00f3 i el cas de dift\u00e8ria, en els programes de Catalunya R\u00e0dio. <strong>S\u2019han analitzat les emissions de Catalunya R\u00e0dio de la setmana seg\u00fcent a l\u2019anunci<\/strong> del que es va presentar com el primer cas en 30 anys de <strong>contagi per dift\u00e8ria<\/strong> a l\u2019Estat espanyol, i que compr\u00e8n del 2 al 8 de juny de 2015. El resultat de l\u2019an\u00e0lisi efectuada \u00e9s que: pel que fa a l\u2019entrevista realitzada a <strong>Ortrud Lindemann<\/strong> no hi ha posicionament per part del conductor del programa i l\u2019entrevista respon a l\u2019<strong>objectiu d\u2019oferir pluralitat<\/strong> de veus davant un tema de debat social i d\u2019actualitat en el moment en que es realitza. D\u2019altra banda, respecte a les caracter\u00edstiques dels professionals als que d\u00f3na veu <strong>Catalunya R\u00e0dio<\/strong> en relaci\u00f3 a la tem\u00e0tica de la vacunaci\u00f3 i el cas de dift\u00e8ria d\u2019Olot, durant el per\u00edode analitat, <strong>s\u2019ha detectat la intervenci\u00f3 de vuit professionals diferents: cinc vinculats a la medicina convencional i tres a l\u2019homeop\u00e0tica.<\/strong><\/span><\/em><\/p>\n<blockquote class=\"twitter-tweet\" lang=\"es\" data-cards=\"hidden\">\n<p dir=\"ltr\" lang=\"und\">\u00abLa vacuna contra la dift\u00e8ria pot provocar la mort\u00bb &#8211; Doctora home\u00f2pata Ortrud Lindemann \u25b6<a href=\"http:\/\/t.co\/DIMYjQyadl\">http:\/\/t.co\/DIMYjQyadl<\/a><a href=\"http:\/\/t.co\/uRdc296W73\">pic.twitter.com\/uRdc296W73<\/a><\/p>\n<p>\u2014 CatalunyaRadio (@CatalunyaRadio) <a href=\"https:\/\/twitter.com\/CatalunyaRadio\/status\/606479066808459264\">junio 4, 2015<\/a><\/p><\/blockquote>\n<p style=\"text-align: justify;\"><em><span style=\"color: #993300;\">En conseq\u00fc\u00e8ncia, la Comissi\u00f3 de Relacions amb la Societat i Educaci\u00f3 en Comunicaci\u00f3\u00a0 Audiovisual ha concl\u00f2s que, sense entrar en la discussi\u00f3 sobre les caracter\u00edstiques dels personatges entrevistats \u2013cosa que no correspon al Consell de l\u2019Audiovisual de Catalunya- <strong>el contingut de les entrevistes\u00a0 no vulnera la normativa de la comunicaci\u00f3 audiovisual<\/strong>, en ambd\u00f3s casos no hi ha posicionament per part dels conductors dels programes i en el cas concret del debat entorn de la vacunaci\u00f3, del que es parlava a la queixa, hi ha <strong>pluralitat de veus<\/strong> i, per tant,<strong> no procedeix cap actuaci\u00f3 del Consell<\/strong>.<\/span><\/em><\/p>\n<p style=\"text-align: justify;\"><em><span style=\"color: #993300;\">Disculpeu el retard en la resposta.<\/span><\/em><\/p>\n<p style=\"text-align: justify;\"><em><span style=\"color: #993300;\"><strong>Servei de Relaci\u00f3 amb els Usuaris de l\u2019Audiovisual<br \/>\nConsell de l&#8217;Audiovisual de Catalunya<\/strong><\/span><\/em><\/p>\n<\/blockquote>\n<p>La traducimos al espa\u00f1ol:<\/p>\n<blockquote>\n<p style=\"text-align: justify;\"><span style=\"color: #59350b;\"><em>Estimado\/a,<\/em><\/span><\/p>\n<p style=\"text-align: justify;\"><span style=\"color: #59350b;\"><em>Con relaci\u00f3n a la queja que present\u00f3 sobre el programa <strong>\u00abLa tribu\u00bb<\/strong> emitido por <strong>Catalunya R\u00e0dio<\/strong> el 4 de junio de 2015, y sobre el programa <strong>\u00abRetrats\u00bb<\/strong> titulado \u201cAigua de mar\u201d(Agua de mar) y emitido por <strong>Canal 33<\/strong> el d\u00eda 3 de junio, le informamos de que los servicios t\u00e9cnicos del Consejo han analizado la edici\u00f3n del programa conducido por Jaume Barber\u00e0 en el que entrevista a Maria Teresa Ilari, as\u00ed como el contenido de la entrevista a Ortrud Lindemann emitida en el programa \u00abLa tribu\u00bb. Complementariamente.<\/em><\/span><\/p>\n<p style=\"text-align: justify;\"><span style=\"color: #59350b;\"><em>Por lo que respecta a \u00abRetrats\u00bb, hay que tener en cuenta que es un espacio de entrevistas que, seg\u00fan la propia definici\u00f3n del programa, pretende presentar personajes desconocidos que sorprenden\u00bb y se plantea como una continuaci\u00f3n del programa \u00abSingulars\u00bb, cambiando el entorno en el que se realiza la entrevista. Se ha analizado si hay posicionamiento por parte del conductor del programa respecto a la tem\u00e1tica abordada.<\/em><\/span><\/p>\n<div id=\"attachment_1847\" style=\"width: 650px\" class=\"wp-caption alignnone\"><a href=\"http:\/\/www.ccma.cat\/tv3\/alacarta\/retrats\/maria-teresa-ilari-a-retrats-a-nicaragua-hi-ha-un-gran-interes-per-la-medicina-alternativa-hi-ha-una-xarxa-de-medicines-naturals\/video\/5528165\/\" target=\"_blank\"><img aria-describedby=\"caption-attachment-1847\" loading=\"lazy\" class=\"wp-image-1847 size-full\" src=\"http:\/\/quemalpuedehacer.es\/blog\/wp-content\/uploads\/2015\/11\/qmph-blog-medios-publicos-catalanes-Retrats-aiuga-mar.jpg\" alt=\"qmph-blog-medios-publicos-catalanes--Retrats-aiuga-mar\" width=\"640\" height=\"257\" srcset=\"https:\/\/quemalpuedehacer.es\/blog\/wp-content\/uploads\/2015\/11\/qmph-blog-medios-publicos-catalanes-Retrats-aiuga-mar.jpg 640w, https:\/\/quemalpuedehacer.es\/blog\/wp-content\/uploads\/2015\/11\/qmph-blog-medios-publicos-catalanes-Retrats-aiuga-mar-300x120.jpg 300w\" sizes=\"(max-width: 640px) 100vw, 640px\" \/><\/a><p id=\"caption-attachment-1847\" class=\"wp-caption-text\">Argumentazo&#8230;\u00bbEn Nicaragua hay un gran inter\u00e9s por la medicina alternativa\u00bb. As\u00ed les va.<\/p><\/div>\n<p style=\"text-align: justify;\"><span style=\"color: #59350b;\"><em>La conclusi\u00f3n del an\u00e1lisis es que, respecto al posicionamiento del conductor del programa se entiende que este no adopta una actitud de complacencia respecto a las teor\u00edas y posicionamientos de la persona entrevistada y, en ocasiones, muestra cierto escepticismo y actitud cr\u00edtica ante algunas afirmaciones.<\/em><\/span><br \/>\n<span style=\"color: #59350b;\"><em>\u00a0<\/em><\/span><br \/>\n<span style=\"color: #59350b;\"><em>Por otro lado, y en relaci\u00f3n a la parte de la queja que hac\u00eda referencia al programa \u00abLa tribu\u00bb, se ha analizado el contenido de la entrevista a Ortrud Lindemann, as\u00ed como las intervenciones de personas que, como profesionales de la medicina y la salud han tenido voz en relaci\u00f3n con tema de la vacunaci\u00f3n y el caso de difteria en los programas de Catalunya R\u00e0dio.<\/em><\/span><\/p>\n<p style=\"text-align: justify;\"><span style=\"color: #59350b;\"><em>Se han analizado las emisiones de Catalunya R\u00e0dio de la semana siguiente al anuncio del primer caso de contagio por difteria en el estado espa\u00f1ol en 30 a\u00f1os, y que comprende del 2 al 8 de junio de 2015. El resultado del an\u00e1lisis efectuado es que: respecto a la entrevista realizada a Ortrud Lindemann no hay posicionamiento por parte del conductor del programa y la entrevista responde al objetivo de ofrecer pluralidad de voces ante un tema de debate social y de actualidad en el momento en que se realiza.<\/em><\/span><\/p>\n<p style=\"text-align: justify;\"><span style=\"color: #59350b;\"><em>Por otro lado, respecto a las caracter\u00edsticas de los profesionales a los que da voz Catalunya R\u00e0dio con relaci\u00f3n a la <strong>tem\u00e1tica de la vacunaci\u00f3n y el caso de difteria en Olot<\/strong> durante el periodo de tiempo analizado, se ha detectado la intervenci\u00f3n de 8 profesionales diferentes: <strong>5 vinculados a la medicina convencional y 3 a la homeop\u00e1tica<\/strong>.<\/em><\/span><\/p>\n<p><iframe loading=\"lazy\" src=\"http:\/\/www.ccma.cat\/audio\/embed\/884287\" width=\"500px\" height=\"281px\" frameborder=\"0\" scrolling=\"no\" allowfullscreen=\"allowfullscreen\"><\/iframe><\/p>\n<p style=\"text-align: justify;\"><span style=\"color: #59350b;\"><em>En consecuencia, la Comisi\u00f3n de Relaciones con la Sociedad y Educaci\u00f3n en Comunicaci\u00f3n Audiovisual <strong>concluye<\/strong> que, sin entrar en la discusi\u00f3n sobre las caracter\u00edsticas de los personajes entrevistados- cosa que no corresponde al Consell de l\u2019Audiovisual de Catalunya- el contenido de las entrevistas no vulnera la normativa de la comunicaci\u00f3n audiovisual. En ambos casos no hay posicionamiento por parte de los conductores de los programas y en el caso concreto de debate acerca de la vacunaci\u00f3n, del cual se hablaba en la queja, hay pluralidad de voces. Por tanto, no procede ninguna actuaci\u00f3n por parte del Consell.<\/em><\/span><\/p>\n<p style=\"text-align: justify;\"><span style=\"color: #59350b;\"><em>Disculpe el retraso en la respuesta.<\/em><\/span><\/p>\n<\/blockquote>\n<div id=\"attachment_1850\" style=\"width: 650px\" class=\"wp-caption alignnone\"><img aria-describedby=\"caption-attachment-1850\" loading=\"lazy\" class=\"size-full wp-image-1850\" src=\"http:\/\/quemalpuedehacer.es\/blog\/wp-content\/uploads\/2015\/11\/qmph-blog-medios-publicos-catalanes-La-tribu-Catalunya-R\u00e0dio.jpg\" alt=\"qmph-blog-medios-publicos-catalanes--La-tribu-Catalunya-R\u00e0dio\" width=\"640\" height=\"113\" srcset=\"https:\/\/quemalpuedehacer.es\/blog\/wp-content\/uploads\/2015\/11\/qmph-blog-medios-publicos-catalanes-La-tribu-Catalunya-R\u00e0dio.jpg 640w, https:\/\/quemalpuedehacer.es\/blog\/wp-content\/uploads\/2015\/11\/qmph-blog-medios-publicos-catalanes-La-tribu-Catalunya-R\u00e0dio-300x53.jpg 300w\" sizes=\"(max-width: 640px) 100vw, 640px\" \/><p id=\"caption-attachment-1850\" class=\"wp-caption-text\">Aqu\u00ed no se disculpa ni \u00abel Tato\u00bb&#8230;<\/p><\/div>\n<p style=\"text-align: justify;\">Esta es la r\u00e9plica que hemos remitido tras esta lamentable comunicaci\u00f3n. Es dura (<em>y con riesgo de que dude alguien de nuestra educaci\u00f3n<\/em>), pero estimamos que <strong>no merece menos el CAC<\/strong>, que queda retratado dentro de la tribu de los medios p\u00fablicos catalanes:<\/p>\n<blockquote>\n<p style=\"text-align: justify;\"><img loading=\"lazy\" class=\"alignright wp-image-1841\" src=\"http:\/\/quemalpuedehacer.es\/blog\/wp-content\/uploads\/2015\/11\/sello-promotor-pseudociencias-qmph-TV3-cat-low.jpg\" alt=\"sello-promotor-pseudociencias-qmph-TV3-cat [low]\" width=\"267\" height=\"259\" srcset=\"https:\/\/quemalpuedehacer.es\/blog\/wp-content\/uploads\/2015\/11\/sello-promotor-pseudociencias-qmph-TV3-cat-low.jpg 350w, https:\/\/quemalpuedehacer.es\/blog\/wp-content\/uploads\/2015\/11\/sello-promotor-pseudociencias-qmph-TV3-cat-low-300x291.jpg 300w\" sizes=\"(max-width: 267px) 100vw, 267px\" \/><span style=\"color: #800080;\">Buenas tardes,<\/span><br \/>\n<span style=\"color: #800080;\">\u00a0<\/span><br \/>\n<span style=\"color: #800080;\">En efecto, han tardado mucho en responder. Tanto, que <span style=\"color: #ff0000;\"><strong>su respuesta no sirve para nada<\/strong><\/span>.<\/span><br \/>\n<span style=\"color: #800080;\">\u00a0<\/span><br \/>\n<span style=\"color: #800080;\">Aunque s\u00ed la voy a utilizar para que<strong> otros puedan opinar sobre su \u201cactitud\u201d ante este problema social<\/strong>.<\/span><br \/>\n<span style=\"color: #800080;\">\u00a0<\/span><br \/>\n<span style=\"color: #800080;\"><strong>Que un supuesto \u201cservicio p\u00fablico\u201d tenga la <span style=\"color: #ff0000;\">desfachatez<\/span> de responder as\u00ed por espacios que dan publicidad a pseudociencias es <span style=\"color: #ff0000;\">vergonzoso<\/span><\/strong>, y atenta contra los ciudadanos que conf\u00edan en \u00e9l. En especial el da\u00f1o va contra su salud y ustedes comenten una <strong>irresponsabilidad manifiesta<\/strong>.<\/span><br \/>\n<span style=\"color: #800080;\">\u00a0<\/span><br \/>\n<span style=\"color: #800080;\">Ustedes, no obstante, ya <strong>ostentan nuestro sello \u201cpromotor de las pseudociencias\u201d<\/strong> desde hace un tiempo tambi\u00e9n por su dedicaci\u00f3n y su apoyo manifiesto a estas pr\u00e1cticas. <em>Enjoy it.<\/em><\/span><br \/>\n<span style=\"color: #800080;\">\u00a0<\/span><br \/>\n<span style=\"color: #800080;\">Atentamente,<\/span><\/p>\n<p><span style=\"color: #800080;\">Isidoro Mart\u00ednez V\u00e9lez<\/span><\/p><\/blockquote>\n<p><img loading=\"lazy\" class=\"size-full wp-image-1703 alignleft\" src=\"http:\/\/quemalpuedehacer.es\/blog\/wp-content\/uploads\/2015\/10\/votaciones-bitacoras-2015-boton-60x69px.png\" alt=\"otaciones-bitacoras-2015--boton-60x69px\" width=\"60\" height=\"69\" \/><span style=\"color: #e85d00;\">Recuerda: participamos en los <strong>Premios Bit\u00e1coras 2015<\/strong>, en la categor\u00eda \u00abmejor Twitter\u00bb. Si deseas votarnos lo puedes hacer <a style=\"color: #e85d00;\" href=\"http:\/\/bitacoras.com\/premios15\/votar\/edcdad97bb05288f76c93061fc737013ad0a7b4b\" target=\"_blank\"><strong>aqu\u00ed<\/strong><\/a>&#8230; \u00a1gracias!<\/span><\/p>\n<p><span style=\"color: #008080;\"><strong><em>Si lo deseas, puedes difundir este art\u00edculo a trav\u00e9s de <\/em><\/strong><\/span><script src=\"http:\/\/divulgame.net\/api\/check_url.js.php\" type=\"text\/javascript\"><\/script><\/p>\n","protected":false},"excerpt":{"rendered":"<p>El pasado 5 de junio de 2015 remitimos al Consell de l&#8217;Audiovisual de Catalunya una queja doble por dos programas de la Corporaci\u00f2 Catalana de Mitjans Audiovisuals (Corporaci\u00f3n Catalana de Medios Audiovisuales). Por un lado protestamos por el programa \u00abRetrats\u00bb(Retratos)&hellip;  <\/p>\n<p class=\"more-link\"><a href=\"https:\/\/quemalpuedehacer.es\/blog\/2015\/11\/09\/medios-publicos-catalunya-pseudociencias\/\">Seguir leyendo <span class=\"meta-nav\">&rarr;<\/span><\/a><\/p>\n","protected":false},"author":1,"featured_media":1852,"comment_status":"open","ping_status":"open","sticky":false,"template":"","format":"standard","meta":{"spay_email":""},"categories":[76,36,26,136],"tags":[469,171,480,473,474,468,479,477,472,72,467,478,475,264,471,476,470,466],"yoast_head":"<!-- This site is optimized with the Yoast SEO plugin v16.1.1 - https:\/\/yoast.com\/wordpress\/plugins\/seo\/ -->\n<meta name=\"description\" content=\"Las pseudociencias son moneda corriente en los medios de comunicaci\u00f3n p\u00fablicos de Catalunya. Y no hay defensa posible en estos momentos.\" \/>\n<link rel=\"canonical\" href=\"http:\/\/quemalpuedehacer.es\/blog\/2015\/11\/09\/medios-publicos-catalunya-pseudociencias\/\" \/>\n<meta name=\"twitter:label1\" content=\"Tiempo de lectura\">\n\t<meta name=\"twitter:data1\" content=\"8 minutos\">\n<script type=\"application\/ld+json\" class=\"yoast-schema-graph\">{\"@context\":\"https:\/\/schema.org\",\"@graph\":[{\"@type\":\"Organization\",\"@id\":\"http:\/\/quemalpuedehacer.es\/blog\/#organization\",\"name\":\"\\u00bfQu\\u00e9 mal puede hacer?\",\"url\":\"http:\/\/quemalpuedehacer.es\/blog\/\",\"sameAs\":[],\"logo\":{\"@type\":\"ImageObject\",\"@id\":\"http:\/\/quemalpuedehacer.es\/blog\/#logo\",\"inLanguage\":\"es\",\"url\":\"https:\/\/quemalpuedehacer.es\/blog\/wp-content\/uploads\/2014\/01\/logo-que-mal-puede-hacer.png\",\"contentUrl\":\"https:\/\/quemalpuedehacer.es\/blog\/wp-content\/uploads\/2014\/01\/logo-que-mal-puede-hacer.png\",\"width\":2700,\"height\":2343,\"caption\":\"\\u00bfQu\\u00e9 mal puede hacer?\"},\"image\":{\"@id\":\"http:\/\/quemalpuedehacer.es\/blog\/#logo\"}},{\"@type\":\"WebSite\",\"@id\":\"http:\/\/quemalpuedehacer.es\/blog\/#website\",\"url\":\"http:\/\/quemalpuedehacer.es\/blog\/\",\"name\":\"\\u00bfQu\\u00e9 mal puede hacer? Blog\",\"description\":\"Contra las pseudociencias y los da\\u00f1os que causan\",\"publisher\":{\"@id\":\"http:\/\/quemalpuedehacer.es\/blog\/#organization\"},\"potentialAction\":[{\"@type\":\"SearchAction\",\"target\":\"http:\/\/quemalpuedehacer.es\/blog\/?s={search_term_string}\",\"query-input\":\"required name=search_term_string\"}],\"inLanguage\":\"es\"},{\"@type\":\"ImageObject\",\"@id\":\"http:\/\/quemalpuedehacer.es\/blog\/2015\/11\/09\/medios-publicos-catalunya-pseudociencias\/#primaryimage\",\"inLanguage\":\"es\",\"url\":\"https:\/\/quemalpuedehacer.es\/blog\/wp-content\/uploads\/2015\/11\/qmph-blog-medios-publicos-catalanes-portada.jpg\",\"contentUrl\":\"https:\/\/quemalpuedehacer.es\/blog\/wp-content\/uploads\/2015\/11\/qmph-blog-medios-publicos-catalanes-portada.jpg\",\"width\":640,\"height\":318,\"caption\":\"qmph-blog-medios-publicos-catalanes--portada\"},{\"@type\":\"WebPage\",\"@id\":\"http:\/\/quemalpuedehacer.es\/blog\/2015\/11\/09\/medios-publicos-catalunya-pseudociencias\/#webpage\",\"url\":\"http:\/\/quemalpuedehacer.es\/blog\/2015\/11\/09\/medios-publicos-catalunya-pseudociencias\/\",\"name\":\"Medios p\\u00fablicos de Catalunya con las pseudociencias - QMPH-Blog\",\"isPartOf\":{\"@id\":\"http:\/\/quemalpuedehacer.es\/blog\/#website\"},\"primaryImageOfPage\":{\"@id\":\"http:\/\/quemalpuedehacer.es\/blog\/2015\/11\/09\/medios-publicos-catalunya-pseudociencias\/#primaryimage\"},\"datePublished\":\"2015-11-09T13:17:40+00:00\",\"dateModified\":\"2015-11-09T16:38:33+00:00\",\"description\":\"Las pseudociencias son moneda corriente en los medios de comunicaci\\u00f3n p\\u00fablicos de Catalunya. Y no hay defensa posible en estos momentos.\",\"breadcrumb\":{\"@id\":\"http:\/\/quemalpuedehacer.es\/blog\/2015\/11\/09\/medios-publicos-catalunya-pseudociencias\/#breadcrumb\"},\"inLanguage\":\"es\",\"potentialAction\":[{\"@type\":\"ReadAction\",\"target\":[\"http:\/\/quemalpuedehacer.es\/blog\/2015\/11\/09\/medios-publicos-catalunya-pseudociencias\/\"]}]},{\"@type\":\"BreadcrumbList\",\"@id\":\"http:\/\/quemalpuedehacer.es\/blog\/2015\/11\/09\/medios-publicos-catalunya-pseudociencias\/#breadcrumb\",\"itemListElement\":[{\"@type\":\"ListItem\",\"position\":1,\"item\":{\"@type\":\"WebPage\",\"@id\":\"http:\/\/quemalpuedehacer.es\/blog\/\",\"url\":\"http:\/\/quemalpuedehacer.es\/blog\/\",\"name\":\"Portada\"}},{\"@type\":\"ListItem\",\"position\":2,\"item\":{\"@type\":\"WebPage\",\"@id\":\"http:\/\/quemalpuedehacer.es\/blog\/2015\/11\/09\/medios-publicos-catalunya-pseudociencias\/\",\"url\":\"http:\/\/quemalpuedehacer.es\/blog\/2015\/11\/09\/medios-publicos-catalunya-pseudociencias\/\",\"name\":\"Medios p\\u00fablicos de Catalunya con las pseudociencias\"}}]},{\"@type\":\"Article\",\"@id\":\"http:\/\/quemalpuedehacer.es\/blog\/2015\/11\/09\/medios-publicos-catalunya-pseudociencias\/#article\",\"isPartOf\":{\"@id\":\"http:\/\/quemalpuedehacer.es\/blog\/2015\/11\/09\/medios-publicos-catalunya-pseudociencias\/#webpage\"},\"author\":{\"@id\":\"http:\/\/quemalpuedehacer.es\/blog\/#\/schema\/person\/2076d9ea29bc4c3992ddc86c3dfb4c75\"},\"headline\":\"Medios p\\u00fablicos de Catalunya con las pseudociencias\",\"datePublished\":\"2015-11-09T13:17:40+00:00\",\"dateModified\":\"2015-11-09T16:38:33+00:00\",\"mainEntityOfPage\":{\"@id\":\"http:\/\/quemalpuedehacer.es\/blog\/2015\/11\/09\/medios-publicos-catalunya-pseudociencias\/#webpage\"},\"commentCount\":3,\"publisher\":{\"@id\":\"http:\/\/quemalpuedehacer.es\/blog\/#organization\"},\"image\":{\"@id\":\"http:\/\/quemalpuedehacer.es\/blog\/2015\/11\/09\/medios-publicos-catalunya-pseudociencias\/#primaryimage\"},\"keywords\":\"33,antivacunas,CAC,catalu\\u00f1a,catalunya,Catalunya R\\u00e0dio,Consell de l'Audiovisual de Catalunya,Corporaci\\u00f2 Catalana de Mitjans Audiovisuals,falsa equidistancia,homeopat\\u00eda,Jaume Barber\\u00e0,la tribu,Maria Teresa Ilari,medios p\\u00fablicos,Ortrud Lindemann,promotor pseudoci\\u00e9ncies,Retrats,TV3\",\"articleSection\":\"an\\u00e1lisis,comunicados,medios,opini\\u00f3n\",\"inLanguage\":\"es\",\"potentialAction\":[{\"@type\":\"CommentAction\",\"name\":\"Comment\",\"target\":[\"http:\/\/quemalpuedehacer.es\/blog\/2015\/11\/09\/medios-publicos-catalunya-pseudociencias\/#respond\"]}]},{\"@type\":\"Person\",\"@id\":\"http:\/\/quemalpuedehacer.es\/blog\/#\/schema\/person\/2076d9ea29bc4c3992ddc86c3dfb4c75\",\"name\":\"QMPH - Isidoro Mart\\u00ednez\",\"image\":{\"@type\":\"ImageObject\",\"@id\":\"http:\/\/quemalpuedehacer.es\/blog\/#personlogo\",\"inLanguage\":\"es\",\"url\":\"https:\/\/secure.gravatar.com\/avatar\/bcf83a648fbb23b1168a8331f6c2a52d?s=96&d=mm&r=g\",\"contentUrl\":\"https:\/\/secure.gravatar.com\/avatar\/bcf83a648fbb23b1168a8331f6c2a52d?s=96&d=mm&r=g\",\"caption\":\"QMPH - Isidoro Mart\\u00ednez\"},\"sameAs\":[\"http:\/\/quemalpuedehacer.es\",\"https:\/\/www.facebook.com\/quemalpuedehacer\",\"https:\/\/twitter.com\/qmph_es\"]}]}<\/script>\n<!-- \/ Yoast SEO plugin. -->","jetpack_featured_media_url":"https:\/\/quemalpuedehacer.es\/blog\/wp-content\/uploads\/2015\/11\/qmph-blog-medios-publicos-catalanes-portada.jpg","jetpack_sharing_enabled":true,"_links":{"self":[{"href":"https:\/\/quemalpuedehacer.es\/blog\/wp-json\/wp\/v2\/posts\/1839"}],"collection":[{"href":"https:\/\/quemalpuedehacer.es\/blog\/wp-json\/wp\/v2\/posts"}],"about":[{"href":"https:\/\/quemalpuedehacer.es\/blog\/wp-json\/wp\/v2\/types\/post"}],"author":[{"embeddable":true,"href":"https:\/\/quemalpuedehacer.es\/blog\/wp-json\/wp\/v2\/users\/1"}],"replies":[{"embeddable":true,"href":"https:\/\/quemalpuedehacer.es\/blog\/wp-json\/wp\/v2\/comments?post=1839"}],"version-history":[{"count":0,"href":"https:\/\/quemalpuedehacer.es\/blog\/wp-json\/wp\/v2\/posts\/1839\/revisions"}],"wp:featuredmedia":[{"embeddable":true,"href":"https:\/\/quemalpuedehacer.es\/blog\/wp-json\/wp\/v2\/media\/1852"}],"wp:attachment":[{"href":"https:\/\/quemalpuedehacer.es\/blog\/wp-json\/wp\/v2\/media?parent=1839"}],"wp:term":[{"taxonomy":"category","embeddable":true,"href":"https:\/\/quemalpuedehacer.es\/blog\/wp-json\/wp\/v2\/categories?post=1839"},{"taxonomy":"post_tag","embeddable":true,"href":"https:\/\/quemalpuedehacer.es\/blog\/wp-json\/wp\/v2\/tags?post=1839"}],"curies":[{"name":"wp","href":"https:\/\/api.w.org\/{rel}","templated":true}]}}