{"id":981,"date":"2015-01-31T22:08:58","date_gmt":"2015-01-31T21:08:58","guid":{"rendered":"http:\/\/quemalpuedehacer.es\/blog\/?p=981"},"modified":"2015-11-10T13:27:51","modified_gmt":"2015-11-10T12:27:51","slug":"rtve-nos-falta-el-respeto","status":"publish","type":"post","link":"http:\/\/quemalpuedehacer.es\/blog\/2015\/01\/31\/rtve-nos-falta-el-respeto\/","title":{"rendered":"RTVE nos falta el respeto"},"content":{"rendered":"<p style=\"text-align: justify;\">\u00abDecepcionante\u00bb ser\u00eda un calificativo de una generosidad infinita sobre lo que ha supuesto la <strong>no respuesta del \u00abDefensor del espectador de RTVE\u00bb<\/strong> (pese a haberla confimado por email) a la <a href=\"http:\/\/quemalpuedehacer.es\/blog\/2015\/01\/22\/pseudociencia-saber-vivir-basta-ya\/\" target=\"_blank\">queja que planteamos el pasado lunes 26 de enero al respecto de la<strong> promoci\u00f3n de las pseudociencias en \u00abSaber Vivir\u00bb<\/strong><\/a>. La realidad es que <strong>RTVE nos ha faltado el respeto, a todos<\/strong>.<\/p>\n<div id=\"attachment_987\" style=\"width: 650px\" class=\"wp-caption alignnone\"><img aria-describedby=\"caption-attachment-987\" loading=\"lazy\" class=\"size-full wp-image-987\" src=\"http:\/\/quemalpuedehacer.es\/blog\/wp-content\/uploads\/2015\/01\/qmph-rtve-nos-falta-el-respeto-email.jpg\" alt=\"qmph-rtve-nos-falta-el-respeto-email\" width=\"640\" height=\"253\" srcset=\"http:\/\/quemalpuedehacer.es\/blog\/wp-content\/uploads\/2015\/01\/qmph-rtve-nos-falta-el-respeto-email.jpg 640w, http:\/\/quemalpuedehacer.es\/blog\/wp-content\/uploads\/2015\/01\/qmph-rtve-nos-falta-el-respeto-email-300x119.jpg 300w\" sizes=\"(max-width: 640px) 100vw, 640px\" \/><p id=\"caption-attachment-987\" class=\"wp-caption-text\">\u00bfSeguro que ley\u00f3 e investig\u00f3 la queja colectiva sr. Nodal?<\/p><\/div>\n<p style=\"text-align: justify;\">La <strong>inmediatez<\/strong> de D. \u00c1ngel Nodal (Defensor del espectador de RTVE) en confirmar la respuesta en el programa de este s\u00e1bado 31 de enero (alrededor de 35 minutos despu\u00e9s de remitida) result\u00f3 <strong>muy sospechosa<\/strong>, ya que dif\u00edcilmente podr\u00eda realizar la investigaci\u00f3n solicitada en estos pocos d\u00edas. Recordemos que <strong>expl\u00edcitamente indicamos que no aceptar\u00edamos respuesta directa del espacio<\/strong> por redundante (<em>ya respondieron desde el mismo con gran desprecio el viernes 23 de enero<\/em>), y por<a href=\"http:\/\/quemalpuedehacer.es\/blog\/2014\/07\/26\/rtve-responde\/\" target=\"_blank\"> la experiencia en nuestra queja sobre la tecnofobia conspiranoica de \u00abEl escarabajo verde\u00bb<\/a>, y que ya evidenci\u00f3 que RTVE incumpl\u00eda su propio \u00abmanual de estilo\u00bb.<\/p>\n<p><!--more--><\/p>\n<p style=\"text-align: justify;\">Para mayor sospecha, en la ma\u00f1ana del s\u00e1bado tuvimos conocimiento de que una persona hab\u00eda presentado <strong>otra queja<\/strong>, espec\u00edfica sobre la falta de rigor y marcado sesgo en el tratamiento de la homeopat\u00eda en el mismo espacio. Algo que no era sino una<strong> m\u00ednima parte de nuestra queja<\/strong>.<\/p>\n<blockquote class=\"twitter-tweet\" lang=\"es\"><p>Se supone que en RTVE Responde (hoy a las 20:00 en la 2) responder\u00e1n a mi queja sobre la homeopat\u00eda en la TV p\u00fablica. \/\/ <a href=\"https:\/\/twitter.com\/fred_SSC\">@fred_SSC<\/a> <a href=\"https:\/\/twitter.com\/lagamez\">@lagamez<\/a><\/p>\n<p>\u2014 Javier Prieto \u30b7 (@TheGoOse) <a href=\"https:\/\/twitter.com\/TheGoOse\/status\/561475982855766016\">enero 31, 2015<\/a><\/p><\/blockquote>\n<h2>S\u00ed, RTVE nos falta el respeto. Y mucho<\/h2>\n<p style=\"text-align: justify;\">El <strong>momento definitivo<\/strong> tuvo lugar el s\u00e1bado. Tras atender durante m\u00e1s de 10 minutos quejas (fundadas y razonables, y merecedoras de ese tiempo, c\u00f3mo no) sobre el programa \u00abMaster Chef Junior\u00bb y el especial \u00abReyes y estrellas\u00bb, lleg\u00f3 el momento en el que <a href=\"http:\/\/quemalpuedehacer.es\/blog\/2015\/01\/26\/queja-saber-vivir-enviada-defensor-espectador-rtve\/\" target=\"_blank\"><strong>RTVE menospreciaba a todos los firmantes adheridos a nuestra queja (recordemos, 549 personas y 17 colectivos) obvi\u00e1ndola directamente<\/strong><\/a>. Si, como lo leen.<strong> Ni una sola menci\u00f3n<\/strong> a la queja. Nada. <em>Niente<\/em>. <em>Nothing<\/em>. <em>Res de res<\/em>. De responderla ya ni hablamos.<\/p>\n<div style=\"width: 100%; padding-top: 64%; position: relative; border-bottom: 1px solid #aaa; display: inline-block; background: rgba(255,255,255,0.9);\">\n<p><iframe loading=\"lazy\" style=\"width: 100%; height: 90%; position: absolute; left: 0; top: 0; overflow: hidden;\" src=\"http:\/\/www.rtve.es\/drmn\/embed\/video\/2974629\" name=\"RTVE Responde - 31\/01\/14\" width=\"300\" height=\"150\" frameborder=\"0\" scrolling=\"no\"><\/iframe><\/p>\n<div style=\"position: absolute; bottom: 0; left: 0; font-family: arial,helvetica,sans-serif; font-size: 12px; line-height: 1.833; display: inline-block; padding: 5px 0 5px 10px;\"><span style=\"float: left; margin-right: 10px;\"><img style=\"height: 20px; width: auto; background: transparent; padding: 0; margin: 0;\" src=\"http:\/\/img.irtve.es\/css\/rtve.commons\/rtve.header.footer\/i\/logoRTVEes.png\" alt=\"\" \/><\/span> <a style=\"color: #333; font-weight: bold;\" title=\"RTVE Responde - 31\/01\/14\" href=\"http:\/\/www.rtve.es\/alacarta\/videos\/rtve-responde\/rtve-responde-31-01-14\/2974629\/\"><strong>RTVE Responde &#8211; 31\/01\/14<\/strong><\/a><\/div>\n<\/div>\n<p style=\"text-align: justify;\">Eso si, hicieron (<em>sobre 12&#8217;05\u00bb del v\u00eddeo<\/em>) el <strong>simulacro de respuesta a la queja de D. Javier Prieto<\/strong>. Lo hizo la <em>Lda. Pilar Le\u00f3n<\/em> (lo de investigar y hacer su trabajo el sr. Nodal&#8230; ni intentarlo) con lo que es <strong>habitual excusa en las pseudociencias<\/strong>: falacias, falacias, y m\u00e1s falacias. Un espect\u00e1culo <strong>penoso<\/strong>. y que es <a href=\"http:\/\/quemalpuedehacer.es\/blog\/2015\/01\/03\/saber-vivir-servicio-publico\/\" target=\"_blank\">la <strong>l\u00ednea habitual de \u00abSaber Vivir\u00bb<\/strong><\/a>.<\/p>\n<div id=\"attachment_988\" style=\"width: 650px\" class=\"wp-caption alignnone\"><img aria-describedby=\"caption-attachment-988\" loading=\"lazy\" class=\"wp-image-988 size-full\" src=\"http:\/\/quemalpuedehacer.es\/blog\/wp-content\/uploads\/2015\/01\/qmph-rtve-nos-falta-el-respeto-falacias-pilar-leon.jpg\" alt=\"qmph-rtve-nos-falta-el-respeto-falacias-pilar-leon\" width=\"640\" height=\"330\" srcset=\"http:\/\/quemalpuedehacer.es\/blog\/wp-content\/uploads\/2015\/01\/qmph-rtve-nos-falta-el-respeto-falacias-pilar-leon.jpg 640w, http:\/\/quemalpuedehacer.es\/blog\/wp-content\/uploads\/2015\/01\/qmph-rtve-nos-falta-el-respeto-falacias-pilar-leon-300x155.jpg 300w\" sizes=\"(max-width: 640px) 100vw, 640px\" \/><p id=\"caption-attachment-988\" class=\"wp-caption-text\">M\u00e1s de las habituales falacias de la Lda. Le\u00f3n.<\/p><\/div>\n<p>Eso si, se obvia, p.ej., que en el programa del 21 de marzo de 2014, el invitado ( Dr. Jesus Porta Etessam, Adjunto Servicio Neurolog\u00eda Hospital Universitario Cl\u00ednico San Carlos, Madrid) <a href=\"http:\/\/www.rtve.es\/alacarta\/videos\/la-manana\/saber-vivir-21-03-14\/2460271\/\" target=\"_blank\" rel=\"nofollow\">les dej\u00f3 muy claro que la homeopat\u00eda es un placebo (sobre 43&#8217;30\u00bb)<\/a> Tambi\u00e9n desacredit\u00f3 otras terapias \u00abalternativas\u00bb que plante\u00f3 el espacio en el mismo programa.<\/p>\n<h2>Ante esta indefensi\u00f3n, \u00bfqu\u00e9 podemos hacer?<\/h2>\n<p style=\"text-align: justify;\">Este<strong> insulto y menosprecio<\/strong>, que deja completamente retratada la complicada <strong><a href=\"http:\/\/www.infolibre.es\/noticias\/medios\/2014\/10\/15\/1_500_trabajadores_firman_contra_manipulacion_informativa_tve_22714_1027.html\" target=\"_blank\">situaci\u00f3n<\/a> de <a href=\"http:\/\/www.vertele.com\/noticias\/ana-pastor-antena-3-abre-con-la-marcha-de-podemos-y-tve-con-las-lluvias\/\" target=\"_blank\">manipulaci\u00f3n informativa<\/a> en <a href=\"http:\/\/www.vertele.com\/noticias\/polemica-tve-pierde-la-presidencia-en-la-uer-por-cesar-a-una-periodista-poco-afin\/\" target=\"_blank\">RTVE<\/a><\/strong>, nos lleva a la conclusi\u00f3n de que <strong>es f\u00fatil tratar de obtener una respuesta racional de RTVE<\/strong>.<\/p>\n<p style=\"text-align: justify;\">El ser portadores de la queja de otras 549 personas y numerosos colectivos nos hace ser <strong>responsables<\/strong>, y no pediros que os embarqu\u00e9is (por ahora) en otra convocatoria sobre RTVE ya que tendr\u00eda similar resultado: la indiferencia de nuestra empresa p\u00fablica. <strong>Nosotros si valoramos y apreciamos vuestro tiempo.<\/strong><\/p>\n<p style=\"text-align: justify;\"><em><strong><a href=\"https:\/\/www.change.org\/p\/radio-televisi%C3%B3n-espa%C3%B1ola-rtve-dejen-de-promocionar-pseudociencias-contra-la-salud-p%C3%BAblica\"><img loading=\"lazy\" class=\"alignright size-full wp-image-1023\" src=\"http:\/\/quemalpuedehacer.es\/blog\/wp-content\/uploads\/2015\/01\/qmph-rtve-nos-falta-el-respeto-logo-change-org.jpg\" alt=\"qmph-rtve-nos-falta-el-respeto-logo-change-org\" width=\"205\" height=\"80\" \/><\/a>Actualizaci\u00f3n 03\/02\/2015:<\/strong> finalmente <strong>SI actuamos por otro medio<\/strong>, y si lo consider\u00e1is adecuado, pod\u00e9is firmar esta <strong>petici\u00f3n en Change.org:<\/strong> <a href=\"https:\/\/www.change.org\/p\/radio-televisi%C3%B3n-espa%C3%B1ola-rtve-dejen-de-promocionar-pseudociencias-contra-la-salud-p%C3%BAblica\" target=\"_blank\">https:\/\/www.change.org\/p\/radio-televisi%C3%B3n-espa%C3%B1ola-rtve-dejen-de-promocionar-pseudociencias-contra-la-salud-p%C3%BAblica<\/a><\/em><\/p>\n<p style=\"text-align: justify;\">En esta situaci\u00f3n de indefensi\u00f3n <strong>no vamos a gastar m\u00e1s esfuerzos con algo as\u00ed<\/strong>. Nuestra intenci\u00f3n inicial es <strong>no volver a comentar nada de lo que suceda en RTVE<\/strong>. Cuando y donde veamos oportuno colocaremos la distinci\u00f3n que instauramos en este mismo post (y que quisi\u00e9ramos retirar pronto aunque no tiene buena pinta precisamente)<\/p>\n<p style=\"text-align: justify;\">Por todo esto, otorgamos con <strong>total y pleno merecimiento<\/strong> el primer <strong>sello \u00abmedio de comunicaci\u00f3n promotor de las pseudociencias\u00bb<\/strong> de QMPH a <strong>RTVE<\/strong>. Si no fuese para llorar (con el a\u00f1adido de ser un medio p\u00fablico) le dar\u00edamos la enhorabuena.<\/p>\n<p><a href=\"http:\/\/rtve.es\"><img loading=\"lazy\" class=\"alignnone size-full wp-image-985\" src=\"http:\/\/quemalpuedehacer.es\/blog\/wp-content\/uploads\/2015\/01\/qmph-sello-medio-promotor-pseudociencias-RTVE.jpg\" alt=\"qmph-sello-medio-promotor-pseudociencias-[RTVE]\" width=\"450\" height=\"435\" srcset=\"http:\/\/quemalpuedehacer.es\/blog\/wp-content\/uploads\/2015\/01\/qmph-sello-medio-promotor-pseudociencias-RTVE.jpg 450w, http:\/\/quemalpuedehacer.es\/blog\/wp-content\/uploads\/2015\/01\/qmph-sello-medio-promotor-pseudociencias-RTVE-300x290.jpg 300w\" sizes=\"(max-width: 450px) 100vw, 450px\" \/><\/a><\/p>\n<p style=\"text-align: justify;\"><strong>Actualizaci\u00f3n 02\/02\/2015:<\/strong> El \u00abdefensor\u00bb responde a nuestros emails del s\u00e1bado (previo y postprograma RTVE) con excusas preregrinas. Desde aqu\u00ed manifestar que <strong>ya no es un interlocutor v\u00e1lido<\/strong> con RTVE y que <strong>pedimos p\u00fablicamente su dimisi\u00f3n (o cese) fulminantes.<\/strong><\/p>\n<p style=\"text-align: justify;\"><img loading=\"lazy\" class=\"alignnone size-full wp-image-1010\" src=\"http:\/\/quemalpuedehacer.es\/blog\/wp-content\/uploads\/2015\/01\/RTVE-No-Responde.jpg\" alt=\"RTVE-No-Responde\" width=\"492\" height=\"120\" srcset=\"http:\/\/quemalpuedehacer.es\/blog\/wp-content\/uploads\/2015\/01\/RTVE-No-Responde.jpg 492w, http:\/\/quemalpuedehacer.es\/blog\/wp-content\/uploads\/2015\/01\/RTVE-No-Responde-300x73.jpg 300w\" sizes=\"(max-width: 492px) 100vw, 492px\" \/><\/p>\n<p><em>PD. Otras personas van a dedicar art\u00edculos a este desprecio de RTVE. Pondremos parte de su contenido y los enlazaremos a continuaci\u00f3n. Gracias a todos ellos por su apoyo.<\/em><\/p>\n<p style=\"text-align: justify;\">&#8211; <strong>El Segundo Luz (blog de <a href=\"https:\/\/twitter.com\/elsegundoluz\" target=\"_blank\">Astronom\u00eda + Ciencia<\/a>): <a href=\"http:\/\/elsegundoluz.com\/mala-ciencia\/rtve-no-respeta-a-los-espectadores\/\" target=\"_blank\">\u00abRTVE no respeta a los espectadores\u00bb<\/a><\/strong><br \/>\n\u00ab<em>Es sabido que la televisi\u00f3n p\u00fablica espa\u00f1ola, RTVE, lleva unos a\u00f1os perdiendo profesionalidad y que est\u00e1 faltando a su vocaci\u00f3n de servicio p\u00fablico. No estamos hablando de pol\u00edtica, en la que este blog no va a entrar. Estamos refiri\u00e9ndonos a la notable falta de criterio al seleccionar determinados contenidos.<\/em>\u00bb [<a href=\"http:\/\/elsegundoluz.com\/mala-ciencia\/rtve-no-respeta-a-los-espectadores\/\" target=\"_blank\">Seguir leyendo<\/a>]<\/p>\n<p style=\"text-align: justify;\">&#8211; <strong>Ciencia Kanija 2.0: <a href=\"http:\/\/www.cienciakanija.com\/2015\/02\/01\/rtve-promueve-la-pseudociencia\/\" target=\"_blank\">\u00abRTVE promueve la pseudociencia\u00bb<\/a><\/strong><br \/>\n\u00ab<em>La promoci\u00f3n de pseudoterapias y estafas varias en la televisi\u00f3n nacional es un hecho tan lamentable como extendido. Sin embargo, en ciertas ocasiones resulta tan flagrante y reiterativo que exige una movilizaci\u00f3n.<\/em><br \/>\n<em>Esto es lo que pensaron los amigos de \u00bfQu\u00e9 mal puede hacer? cuando, d\u00eda tras d\u00edas, ve\u00edan como desde el programa \u201cSaber Vivir\u201c, integrado en Las Ma\u00f1anas de La 1, la televisi\u00f3n p\u00fablica nacional, se promov\u00edan terapias sin contrastado valor terap\u00e9utico.<\/em>\u00bb [<a href=\"http:\/\/www.cienciakanija.com\/2015\/02\/01\/rtve-promueve-la-pseudociencia\/\" target=\"_blank\">Seguir leyendo<\/a>]<\/p>\n<p style=\"text-align: justify;\">&#8211; <strong>Ciencia Kanija 2.0:<\/strong> \u00ab<a href=\"http:\/\/www.cienciakanija.com\/2015\/02\/02\/defensorrtvedimision\/\" target=\"_blank\">#DefensorRTVEDimisi\u00f3n<\/a>\u00bb<br \/>\n\u00ab<em>&#8211; \u00bfTiene usted hora?<\/em><br \/>\n<em>&#8211; Manzanas traigo.<\/em><br \/>\n<em>Con este di\u00e1logo de besugos podemos resumir el intercambio que se ha mantenido en los \u00faltimos d\u00edas entre el grupo de espectadores que denunciaron la continua promoci\u00f3n pseudocient\u00edfica en el programa \u201cSaber Vivir\u201d de RTVE, y el Defensor del Espectador, el se\u00f1or \u00c1ngel Nodal.<\/em>\u00bb [<a href=\"http:\/\/www.cienciakanija.com\/2015\/02\/02\/defensorrtvedimision\/\" target=\"_blank\">Seguir leyendo<\/a>]<\/p>\n<p style=\"text-align: justify;\">&#8211; <strong>C\u00edrculo Podemos Ciencia<\/strong><br \/>\n\u00ab<em>[&#8230;] Nos parece indignante que un trabajador p\u00fablico, usando una herramienta de todos, se niegue \u200ba dar respuesta a una consulta que muchas personas le han hecho. Y no contentos con ignorar la voluntad de las personas ofrecen apoyo a empresas como BOIRON defendiendo sus productos homeop\u00e1ticos. [&#8230;]<\/em>\u00bb [<a href=\"https:\/\/drive.google.com\/file\/d\/0B5wsQyx-VuauUk5YYXYwTVJweXM\/view\" target=\"_blank\">Seguir leyendo<\/a>]<\/p>\n<p style=\"text-align: justify;\">&#8211; <strong>ConCIENCIAte ahora:<\/strong> \u00ab<a href=\"http:\/\/concienciateahora.blogspot.com.es\/2015\/02\/tve-y-su-falta-de-respeto.html\" target=\"_blank\">TVE y su falta de respeto<\/a>\u00bb<br \/>\n\u00ab[&#8230;] <em>Que una persona aparezca por televisi\u00f3n no le da m\u00e1s veracidad, es una obviedad, pero parece que a muchos se les sube a la cabeza. En este caso y bajo mi punto de vista, solo ayuda a resaltar y dejar en evidencia el poco criterio y conocimientos que tienen sobre el tema, quedando como aut\u00e9nticos charlatanes a ojos de verdaderos expertos.[&#8230;]<\/em>\u00bb [<a href=\"http:\/\/concienciateahora.blogspot.com.es\/2015\/02\/tve-y-su-falta-de-respeto.html\" target=\"_blank\">Seguir leyendo<\/a>]<\/p>\n<p style=\"text-align: justify;\">&#8211; Asociaci\u00f3n<strong> Hablando de Ciencia<\/strong>: \u201c<a href=\"http:\/\/www.hablandodeciencia.com\/articulos\/2015\/02\/01\/rtve-nos-falta-al-respeto\/\" target=\"_blank\">RTVE nos falta al respeto<\/a>\u201d<br \/>\n\u00ab<em>RTVE nos ha ignorado, y no parece que vaya a corregir su actitud en torno a las pseudociencias, cuando recordemos que se trata de una televisi\u00f3n p\u00fablica pagada con fondos p\u00fablicos y al servicio, se supone, del ciudadano.<\/em>\u00bb [<a href=\"http:\/\/www.hablandodeciencia.com\/articulos\/2015\/02\/01\/rtve-nos-falta-al-respeto\/\" target=\"_blank\">Seguir leyendo<\/a>]<\/p>\n<p style=\"text-align: justify;\">&#8211; <strong>Ciencia, no ficci\u00f3n:<\/strong> <a href=\"http:\/\/ciencianoficcion.blogspot.com.es\/2015\/02\/rtve-y-su-apoyo-la-pseudociencia-dos.html\" target=\"_blank\">\u00abRTVE y su apoyo a la pseudociencia (dos caras de una moneda)\u00bb<\/a><br \/>\n<em>\u00ab[&#8230;] Es un insulto a todas las horas que llevo echadas en el laboratorio, que un medio de comunicaci\u00f3n como RTVE, venda los poderes curativos del aroma del lim\u00f3n, m\u00e1s aun cuando el estudio inicial no dec\u00eda nada parecido a la <span style=\"color: #376590;\">conclusi\u00f3n<\/span> que sacaron los editores del programa. [&#8230;]\u00bb<\/em> [<a href=\"http:\/\/ciencianoficcion.blogspot.com.es\/2015\/02\/rtve-y-su-apoyo-la-pseudociencia-dos.html\" target=\"_blank\">Seguir leyendo<\/a>]<\/p>\n<p style=\"text-align: justify;\">&#8211; <strong>ScyKness<\/strong>: \u00ab<a href=\"https:\/\/scykness.wordpress.com\/2015\/02\/02\/rtve-promueve-las-pseudociencias-y-eso-no-se-puede-permitir\/\" target=\"_blank\">RTVE promueve las pseudociencias, y eso no se puede permitir<\/a>\u00bb<br \/>\n\u00ab<em>Este post va al grano a protestar frente al uso y abuso que TVE hace de las pseudociencias sin rigor ninguno, promoviendo su uso frente a un enorme p\u00fablico que puede creer que porque algo se diga en televisi\u00f3n es cierto, y desde luego eso no es as\u00ed. TVE falta al respeto al rigor period\u00edstico y cient\u00edfico, y con ello falta al respeto al p\u00fablico que ve sus programas esperando escuchar consejos de salud.<\/em>\u00bb [<a href=\"https:\/\/scykness.wordpress.com\/2015\/02\/02\/rtve-promueve-las-pseudociencias-y-eso-no-se-puede-permitir\/\" target=\"_blank\">Seguir leyendo<\/a>]<\/p>\n<p style=\"text-align: justify;\">&#8211; <strong>Con Q de Qu\u00edmica:<\/strong> <a href=\"http:\/\/conqdequimica.blogspot.com.es\/2015\/02\/tve-gasta-el-dinero-publico-contra-la.html\" target=\"_blank\">\u00abTVE gasta el dinero p\u00fablico contra la salud p\u00fablica\u00bb<\/a><br \/>\n\u00ab<em>[&#8230;] Ese espacio (recordemos: pagado con el dinero de todos\/as), deber\u00eda estar orientado a ofrecer consejos de salud y fomentar h\u00e1bitos saludables que ayuden a mejorar la salud de la poblaci\u00f3n. Desgraciadamente, la realidad es bien distinta, promueven todo tipo de \u00abterapias\u00bb carentes de cualquier base racional probada.\u00a0 [&#8230;]<\/em>\u00bb [<a href=\"https:\/\/scykness.wordpress.com\/2015\/02\/02\/rtve-promueve-las-pseudociencias-y-eso-no-se-puede-permitir\/\" target=\"_blank\">Seguir leyendo<\/a>]<\/p>\n<p style=\"text-align: justify;\">&#8211; ARP-SAPC: \u00ab<a href=\"http:\/\/www.escepticos.es\/node\/3836\" target=\"_blank\">Indignaci\u00f3n por la respuesta de RTVE a la queja sobre pseudomedicinas<\/a>\u00bb<br \/>\n\u00ab<em>La respuesta que RTVE ha dado a las quejas sobre el dudoso rigor que siguen los responsables del programa \u00abSaber Vivir\u00bb ha sido muy insuficiente.<\/em>\u00bb [<a href=\"http:\/\/www.escepticos.es\/node\/3836\" target=\"_blank\">Seguir leyendo<\/a>]<\/p>\n<p style=\"text-align: justify;\"><span style=\"color: #376590;\"><em><a style=\"color: #376590;\" href=\"http:\/\/www.divulgame.net\/ciencia\/rtve-nos-falta-respeto\">Puedes ayudar a difundir este art\u00edculo vot\u00e1ndolo en <img loading=\"lazy\" class=\"alignnone size-full wp-image-1006\" src=\"http:\/\/quemalpuedehacer.es\/blog\/wp-content\/uploads\/2015\/01\/footeli02.png\" alt=\"Div\u00falgame\" width=\"139\" height=\"33\" \/><\/a><\/em><\/span><\/p>\n","protected":false},"excerpt":{"rendered":"<p>\u00abDecepcionante\u00bb ser\u00eda un calificativo de una generosidad infinita sobre lo que ha supuesto la no respuesta del \u00abDefensor del espectador de RTVE\u00bb (pese a haberla confimado por email) a la queja que planteamos el pasado lunes 26 de enero al&hellip;  <\/p>\n<p class=\"more-link\"><a href=\"http:\/\/quemalpuedehacer.es\/blog\/2015\/01\/31\/rtve-nos-falta-el-respeto\/\">Seguir leyendo <span class=\"meta-nav\">&rarr;<\/span><\/a><\/p>\n","protected":false},"author":1,"featured_media":985,"comment_status":"open","ping_status":"open","sticky":false,"template":"","format":"standard","meta":{"spay_email":""},"categories":[76,36,26,136],"tags":[472,294,54,106,295],"yoast_head":"<!-- This site is optimized with the Yoast SEO plugin v16.1.1 - https:\/\/yoast.com\/wordpress\/plugins\/seo\/ -->\n<meta name=\"description\" content=\"Ante nuestra queja sobre la promoci\u00f3n de las pseudociencias en &quot;Saber Vivir&quot; (secundada por 549 personas y 18 colectivos) RTVE nos falta el respeto.\" \/>\n<link rel=\"canonical\" href=\"http:\/\/quemalpuedehacer.es\/blog\/2015\/01\/31\/rtve-nos-falta-el-respeto\/\" \/>\n<meta name=\"twitter:label1\" content=\"Tiempo de lectura\">\n\t<meta name=\"twitter:data1\" content=\"8 minutos\">\n<script type=\"application\/ld+json\" class=\"yoast-schema-graph\">{\"@context\":\"https:\/\/schema.org\",\"@graph\":[{\"@type\":\"Organization\",\"@id\":\"https:\/\/quemalpuedehacer.es\/blog\/#organization\",\"name\":\"\\u00bfQu\\u00e9 mal puede hacer?\",\"url\":\"https:\/\/quemalpuedehacer.es\/blog\/\",\"sameAs\":[],\"logo\":{\"@type\":\"ImageObject\",\"@id\":\"https:\/\/quemalpuedehacer.es\/blog\/#logo\",\"inLanguage\":\"es\",\"url\":\"https:\/\/quemalpuedehacer.es\/blog\/wp-content\/uploads\/2014\/01\/logo-que-mal-puede-hacer.png\",\"contentUrl\":\"https:\/\/quemalpuedehacer.es\/blog\/wp-content\/uploads\/2014\/01\/logo-que-mal-puede-hacer.png\",\"width\":2700,\"height\":2343,\"caption\":\"\\u00bfQu\\u00e9 mal puede hacer?\"},\"image\":{\"@id\":\"https:\/\/quemalpuedehacer.es\/blog\/#logo\"}},{\"@type\":\"WebSite\",\"@id\":\"https:\/\/quemalpuedehacer.es\/blog\/#website\",\"url\":\"https:\/\/quemalpuedehacer.es\/blog\/\",\"name\":\"\\u00bfQu\\u00e9 mal puede hacer? Blog\",\"description\":\"Contra las pseudociencias y los da\\u00f1os que causan\",\"publisher\":{\"@id\":\"https:\/\/quemalpuedehacer.es\/blog\/#organization\"},\"potentialAction\":[{\"@type\":\"SearchAction\",\"target\":\"https:\/\/quemalpuedehacer.es\/blog\/?s={search_term_string}\",\"query-input\":\"required name=search_term_string\"}],\"inLanguage\":\"es\"},{\"@type\":\"ImageObject\",\"@id\":\"http:\/\/quemalpuedehacer.es\/blog\/2015\/01\/31\/rtve-nos-falta-el-respeto\/#primaryimage\",\"inLanguage\":\"es\",\"url\":\"http:\/\/quemalpuedehacer.es\/blog\/wp-content\/uploads\/2015\/01\/qmph-sello-medio-promotor-pseudociencias-RTVE.jpg\",\"contentUrl\":\"http:\/\/quemalpuedehacer.es\/blog\/wp-content\/uploads\/2015\/01\/qmph-sello-medio-promotor-pseudociencias-RTVE.jpg\",\"width\":450,\"height\":435,\"caption\":\"qmph-sello-medio-promotor-pseudociencias-[RTVE]\"},{\"@type\":\"WebPage\",\"@id\":\"http:\/\/quemalpuedehacer.es\/blog\/2015\/01\/31\/rtve-nos-falta-el-respeto\/#webpage\",\"url\":\"http:\/\/quemalpuedehacer.es\/blog\/2015\/01\/31\/rtve-nos-falta-el-respeto\/\",\"name\":\"RTVE nos falta el respeto - QMPH-Blog\",\"isPartOf\":{\"@id\":\"https:\/\/quemalpuedehacer.es\/blog\/#website\"},\"primaryImageOfPage\":{\"@id\":\"http:\/\/quemalpuedehacer.es\/blog\/2015\/01\/31\/rtve-nos-falta-el-respeto\/#primaryimage\"},\"datePublished\":\"2015-01-31T21:08:58+00:00\",\"dateModified\":\"2015-11-10T12:27:51+00:00\",\"description\":\"Ante nuestra queja sobre la promoci\\u00f3n de las pseudociencias en \\\"Saber Vivir\\\" (secundada por 549 personas y 18 colectivos) RTVE nos falta el respeto.\",\"breadcrumb\":{\"@id\":\"http:\/\/quemalpuedehacer.es\/blog\/2015\/01\/31\/rtve-nos-falta-el-respeto\/#breadcrumb\"},\"inLanguage\":\"es\",\"potentialAction\":[{\"@type\":\"ReadAction\",\"target\":[\"http:\/\/quemalpuedehacer.es\/blog\/2015\/01\/31\/rtve-nos-falta-el-respeto\/\"]}]},{\"@type\":\"BreadcrumbList\",\"@id\":\"http:\/\/quemalpuedehacer.es\/blog\/2015\/01\/31\/rtve-nos-falta-el-respeto\/#breadcrumb\",\"itemListElement\":[{\"@type\":\"ListItem\",\"position\":1,\"item\":{\"@type\":\"WebPage\",\"@id\":\"https:\/\/quemalpuedehacer.es\/blog\/\",\"url\":\"https:\/\/quemalpuedehacer.es\/blog\/\",\"name\":\"Portada\"}},{\"@type\":\"ListItem\",\"position\":2,\"item\":{\"@type\":\"WebPage\",\"@id\":\"http:\/\/quemalpuedehacer.es\/blog\/2015\/01\/31\/rtve-nos-falta-el-respeto\/\",\"url\":\"http:\/\/quemalpuedehacer.es\/blog\/2015\/01\/31\/rtve-nos-falta-el-respeto\/\",\"name\":\"RTVE nos falta el respeto\"}}]},{\"@type\":\"Article\",\"@id\":\"http:\/\/quemalpuedehacer.es\/blog\/2015\/01\/31\/rtve-nos-falta-el-respeto\/#article\",\"isPartOf\":{\"@id\":\"http:\/\/quemalpuedehacer.es\/blog\/2015\/01\/31\/rtve-nos-falta-el-respeto\/#webpage\"},\"author\":{\"@id\":\"https:\/\/quemalpuedehacer.es\/blog\/#\/schema\/person\/2076d9ea29bc4c3992ddc86c3dfb4c75\"},\"headline\":\"RTVE nos falta el respeto\",\"datePublished\":\"2015-01-31T21:08:58+00:00\",\"dateModified\":\"2015-11-10T12:27:51+00:00\",\"mainEntityOfPage\":{\"@id\":\"http:\/\/quemalpuedehacer.es\/blog\/2015\/01\/31\/rtve-nos-falta-el-respeto\/#webpage\"},\"commentCount\":5,\"publisher\":{\"@id\":\"https:\/\/quemalpuedehacer.es\/blog\/#organization\"},\"image\":{\"@id\":\"http:\/\/quemalpuedehacer.es\/blog\/2015\/01\/31\/rtve-nos-falta-el-respeto\/#primaryimage\"},\"keywords\":\"falsa equidistancia,menosprecio,pseudociencia,rtve,sello medio promotor pseudociencias\",\"articleSection\":\"an\\u00e1lisis,comunicados,medios,opini\\u00f3n\",\"inLanguage\":\"es\",\"potentialAction\":[{\"@type\":\"CommentAction\",\"name\":\"Comment\",\"target\":[\"http:\/\/quemalpuedehacer.es\/blog\/2015\/01\/31\/rtve-nos-falta-el-respeto\/#respond\"]}]},{\"@type\":\"Person\",\"@id\":\"https:\/\/quemalpuedehacer.es\/blog\/#\/schema\/person\/2076d9ea29bc4c3992ddc86c3dfb4c75\",\"name\":\"QMPH - Isidoro Mart\\u00ednez\",\"image\":{\"@type\":\"ImageObject\",\"@id\":\"https:\/\/quemalpuedehacer.es\/blog\/#personlogo\",\"inLanguage\":\"es\",\"url\":\"http:\/\/2.gravatar.com\/avatar\/bcf83a648fbb23b1168a8331f6c2a52d?s=96&d=mm&r=g\",\"contentUrl\":\"http:\/\/2.gravatar.com\/avatar\/bcf83a648fbb23b1168a8331f6c2a52d?s=96&d=mm&r=g\",\"caption\":\"QMPH - Isidoro Mart\\u00ednez\"},\"sameAs\":[\"http:\/\/quemalpuedehacer.es\",\"https:\/\/www.facebook.com\/quemalpuedehacer\",\"https:\/\/twitter.com\/qmph_es\"]}]}<\/script>\n<!-- \/ Yoast SEO plugin. -->","jetpack_featured_media_url":"http:\/\/quemalpuedehacer.es\/blog\/wp-content\/uploads\/2015\/01\/qmph-sello-medio-promotor-pseudociencias-RTVE.jpg","jetpack_sharing_enabled":true,"_links":{"self":[{"href":"http:\/\/quemalpuedehacer.es\/blog\/wp-json\/wp\/v2\/posts\/981"}],"collection":[{"href":"http:\/\/quemalpuedehacer.es\/blog\/wp-json\/wp\/v2\/posts"}],"about":[{"href":"http:\/\/quemalpuedehacer.es\/blog\/wp-json\/wp\/v2\/types\/post"}],"author":[{"embeddable":true,"href":"http:\/\/quemalpuedehacer.es\/blog\/wp-json\/wp\/v2\/users\/1"}],"replies":[{"embeddable":true,"href":"http:\/\/quemalpuedehacer.es\/blog\/wp-json\/wp\/v2\/comments?post=981"}],"version-history":[{"count":0,"href":"http:\/\/quemalpuedehacer.es\/blog\/wp-json\/wp\/v2\/posts\/981\/revisions"}],"wp:featuredmedia":[{"embeddable":true,"href":"http:\/\/quemalpuedehacer.es\/blog\/wp-json\/wp\/v2\/media\/985"}],"wp:attachment":[{"href":"http:\/\/quemalpuedehacer.es\/blog\/wp-json\/wp\/v2\/media?parent=981"}],"wp:term":[{"taxonomy":"category","embeddable":true,"href":"http:\/\/quemalpuedehacer.es\/blog\/wp-json\/wp\/v2\/categories?post=981"},{"taxonomy":"post_tag","embeddable":true,"href":"http:\/\/quemalpuedehacer.es\/blog\/wp-json\/wp\/v2\/tags?post=981"}],"curies":[{"name":"wp","href":"https:\/\/api.w.org\/{rel}","templated":true}]}}