{"id":303,"date":"2014-07-26T12:23:01","date_gmt":"2014-07-26T10:23:01","guid":{"rendered":"http:\/\/quemalpuedehacer.es\/blog\/?p=303"},"modified":"2015-11-10T13:28:10","modified_gmt":"2015-11-10T12:28:10","slug":"rtve-responde","status":"publish","type":"post","link":"http:\/\/quemalpuedehacer.es\/blog\/2014\/07\/26\/rtve-responde\/","title":{"rendered":"\u00bfResponde RTVE ? Lo averiguamos con su \u00abmanual de estilo\u00bb."},"content":{"rendered":"<p style=\"text-align: justify;\">Para situar al lector en este tema de RTVE, recordamos que el pasado 16 de mayo <strong>La 2<\/strong> emiti\u00f3 el documental \u00ab<a href=\"http:\/\/www.rtve.es\/alacarta\/videos\/el-escarabajo-verde\/escarabajo-verde-otra-factura-del-wifi\/2567497\/\" target=\"_blank\">La otra factura del WiFi<\/a>\u00ab, dentro del espacio \u00ab<a title=\"El escarabajo verde - RTVE\" href=\"http:\/\/www.rtve.es\/television\/escarabajo\/\" target=\"_blank\">El escarabajo verde<\/a>\u00ab. Este documental de media hora ya se anunci\u00f3 en el ente p\u00fablico con <a href=\"http:\/\/www.rtve.es\/alacarta\/videos\/el-escarabajo-verde\/escarabajo-verde-otra-factura-del-wifi-avance\/2558896\/\" target=\"_blank\">un avance<\/a> que dejaba clara la opini\u00f3n sesgada que se iba a mostrar&#8230; y que esta carecer\u00eda de rigor.<\/p>\n<p style=\"text-align: justify;\">El avance en si era la introducci\u00f3n y primeros instantes del programa (que cont\u00f3 con el hashtag #EEVwifi en Twitter), por lo que espectantes vimos el resto del espacio. En la revisi\u00f3n posterior, lo vimos otras cuatro veces, dado que <strong>algunas afirmaciones eran muy extra\u00f1as para ser \u00abinformaci\u00f3n\u00bb en un medio p\u00fablico<\/strong> (incluso privado que se precie de practicar periodismo de calidad)<\/p>\n<p style=\"text-align: justify;\"><img loading=\"lazy\" class=\"alignnone size-full wp-image-309\" src=\"http:\/\/quemalpuedehacer.es\/blog\/wp-content\/uploads\/2014\/07\/qmph-blog-eevwifi2-inicial.jpg\" alt=\"qmph-blog-eevwifi2-inicial\" width=\"430\" height=\"225\" srcset=\"http:\/\/quemalpuedehacer.es\/blog\/wp-content\/uploads\/2014\/07\/qmph-blog-eevwifi2-inicial.jpg 430w, http:\/\/quemalpuedehacer.es\/blog\/wp-content\/uploads\/2014\/07\/qmph-blog-eevwifi2-inicial-300x156.jpg 300w\" sizes=\"(max-width: 430px) 100vw, 430px\" \/><\/p>\n<p><!--more--><\/p>\n<p style=\"text-align: justify;\">Tras dicha revisi\u00f3n procedimos a enviar una <strong>comunicaci\u00f3n a la \u00abDefensora del espectador\u00bb de RTVE<\/strong>, para intentar que aclarasen el por qu\u00e9 de un espacio con esta confecci\u00f3n. Una primera respuesta no tard\u00f3 en llegar, tratandose de una respuesta directa del director del programa, D. Mario De La Mano (no una revisi\u00f3n de lo emitido por parte de la cadena) En ese momento <a href=\"http:\/\/quemalpuedehacer.es\/blog\/2014\/05\/27\/medios-publicos-conspiranoias-alarmistas-el-escarabajo-verde\/\" target=\"_blank\">publicamos nuestra subsecuente contrarr\u00e9plica<\/a>.<\/p>\n<p style=\"text-align: justify;\">En dicho art\u00edculo inclu\u00edmos adem\u00e1s un <a href=\"http:\/\/varyingweion.blogspot.com.es\/2014\/05\/Parte1.html\" target=\"_blank\">examen exahustivo que realiz\u00f3 Vary Ingweion<\/a> de lo emitido desde su web \u00ab<a href=\"http:\/\/varyingweion.blogspot.com.es\/\" target=\"_blank\">Curiosa biolog\u00eda<\/a>\u00ab.<\/p>\n<p style=\"text-align: justify;\">Unos d\u00edas m\u00e1s tarde recibimos una llamada <a href=\"http:\/\/www.rtve.es\/television\/20140704\/ficcion-entretenimiento-protagonistas-rtve-responde\/966721.shtml\" target=\"_blank\">invitandonos a exponer la queja<\/a> para ser emitida en \u00ab<a href=\"http:\/\/www.rtve.es\/television\/20090402\/que-rtve-responde\/258527.shtml\" target=\"_blank\">RTVE responde<\/a>\u00ab, un programa mensual (primer s\u00e1bado de cada mes) donde se repasan diferentes quejas y se responde varias.<\/p>\n<p style=\"text-align: justify;\"><img loading=\"lazy\" class=\"alignnone size-full wp-image-310\" src=\"http:\/\/quemalpuedehacer.es\/blog\/wp-content\/uploads\/2014\/07\/qmph-blog-eevwifi2-rtve-responde.jpg\" alt=\"qmph-blog-eevwifi2-rtve-responde\" width=\"430\" height=\"42\" srcset=\"http:\/\/quemalpuedehacer.es\/blog\/wp-content\/uploads\/2014\/07\/qmph-blog-eevwifi2-rtve-responde.jpg 430w, http:\/\/quemalpuedehacer.es\/blog\/wp-content\/uploads\/2014\/07\/qmph-blog-eevwifi2-rtve-responde-300x29.jpg 300w\" sizes=\"(max-width: 430px) 100vw, 430px\" \/><\/p>\n<h2 style=\"text-align: justify;\">\u00bfRespuesta?<\/h2>\n<p style=\"text-align: justify;\">En un <strong>acto que ejemplifica perfectamente la situaci\u00f3n interna del ente<\/strong>, y sorprendiendo a propios y a extra\u00f1os, la respuesta volvi\u00f3 a ser la sesgada y falaz ya dada por Mario De La Mano por email. Dado que este programa no ha tenido a bien segmentar el corte de esta queja (si otros como el que pregunta de si volver\u00e1 la serie \u00abLos misterios de Laura\u00bb), podeis ver el momento exacto a partir de los 20&#8217;10\u00bb.<\/p>\n<div style=\"width: 100%; padding-top: 64%; position: relative; border-bottom: 1px solid #aaaaaa; display: inline-block; background: none repeat scroll 0% 0% rgba(255, 255, 255, 0.9); text-align: justify;\">\n<p><iframe loading=\"lazy\" style=\"width: 100%; height: 90%; position: absolute; left: 0; top: 0; overflow: hidden;\" src=\"http:\/\/www.rtve.es\/drmn\/embed\/video\/2646156\" name=\"RTVE responde - 05\/07\/14\" width=\"300\" height=\"150\" frameborder=\"0\" scrolling=\"no\"><\/iframe><\/p>\n<div style=\"position: absolute; bottom: 0; left: 0; font-family: arial,helvetica,sans-serif; font-size: 12px; line-height: 1.833; display: inline-block; padding: 5px 0 5px 10px;\"><span style=\"float: left; margin-right: 10px;\"><img style=\"height: 20px; width: auto; background: transparent; padding: 0; margin: 0;\" src=\"http:\/\/img.irtve.es\/css\/rtve.commons\/rtve.header.footer\/i\/logoRTVEes.png\" alt=\"\" \/><\/span> <a style=\"color: #333; font-weight: bold;\" title=\"RTVE responde - 05\/07\/14\" href=\"http:\/\/www.rtve.es\/alacarta\/videos\/rtve-responde\/rtve-responde-05-07-14\/2646156\/\"><strong>RTVE responde &#8211; 05\/07\/14<\/strong><\/a><\/div>\n<\/div>\n<p style=\"text-align: justify;\">L\u00f3gicamente, <strong>no consideramos esta una respuesta adecuada:<\/strong> todo lo contrario, ya que consiste en repetir por tercera vez las falacias y mentiras emitidas inicialmente.<\/p>\n<p style=\"text-align: justify;\">En su <a href=\"http:\/\/www.rtve.es\/contenidos\/documentos\/INFORME_SEGUNDO_TRIMESTRE_2014.pdf\" target=\"_blank\">\u00abinforme\u00bb del segundo trimestre<\/a> (.pdf) la defensora reincide en esta \u00abexplicaci\u00f3n\u00bb:<br \/>\n<strong>&#8216;LA OTRA FACTURA DEL WIFI&#8217; EN EL ESCARABAJO VERDE DEL 16\/05\/14: 3 correos<\/strong> consideraron que e<strong><em>ste reportaje no respond\u00eda a criterios cient\u00edficos<\/em><\/strong>. Este tema fue tratado en el programa de la defensora del mes de julio, donde el director de EL ESCARABAJO VERDE explic\u00f3: <strong><em>El programa lo que hace es exponer el principio de precauci\u00f3n que recomienda el Consejo de Europa para limitar la exposici\u00f3n a los campos electromagn\u00e9ticos, especialmente, la de los ni\u00f1os.<\/em><\/strong><\/p>\n<p style=\"text-align: justify;\">Independientemente de la defectuosa redacci\u00f3n, la reincidencia nos hace entender que RTVE se solidariza plenamente con esta opini\u00f3n. Por tanto, ya no es la opini\u00f3n exclusiva de \u00abEl escarabajo verde\u00bb. Cualquier m\u00ednimo c\u00f3digo deontol\u00f3gico ya advierte de su equivocaci\u00f3n flagrante, pero a\u00fan lo es m\u00e1s cuando el ente se salta sus propios principios.<\/p>\n<h2 style=\"text-align: justify;\">El \u00abmanual de estilo\u00bb de RTVE<\/h2>\n<p style=\"text-align: justify;\">Eso nos lleva a el <a href=\"http:\/\/manualdeestilo.rtve.es\/\" target=\"_blank\">\u00abManual de estilo\u00bb de RTVE<\/a>:<br \/>\n&#8211; \u00ab<em>La principal raz\u00f3n de ser de\u00a0 RTVE es el derecho de todos los ciudadanos a disponer de una informaci\u00f3n veraz e independiente.<\/em>\u00bb Esta afirmaci\u00f3n es <strong>contraria<\/strong> a la manida y falaz frase del programa de que \u00ab<em>Ni fabricantes ni gobernantes vigilan si los maravillosos aparatos que aportan las nuevas tecnolog\u00edas nos pueden perjudicar<\/em>\u00ab.<\/p>\n<p style=\"text-align: justify;\">&#8211; <strong>Tampoco es veraz<\/strong> que se haya reconocido la \u00abelectrosensibilidad\u00bb como enfermedad, existiendo tan solo un caso donde una juez (no la ciencia m\u00e9dica) ha reflejado ese t\u00e9rmino como causa para que una persona perciba una invalidez total. La sintomatolog\u00eda, como expusimos en <a href=\"http:\/\/quemalpuedehacer.es\/dk\/doku.php?id=wiki:miedos-conspiraciones:ondas-radio:2012-11-28-angela-jaen-ramos\" target=\"_blank\">el caso de \u00c1ngela Jaen<\/a>, se circunscribe m\u00e1s en la psicolog\u00eda o la psiquiatr\u00eda, estando de todos modos por clarificar.<br \/>\n&#8211; <strong>Falso<\/strong> que \u00ab<em>Estas radiaciones electromagn\u00e9ticas est\u00e1n clasificadas por la IARC de la OMS como del grupo 2B como carcinog\u00e9nicas[&#8230;]<\/em>\u00ab. Tan falso como que en casi ninguna redacci\u00f3n period\u00edstica haya cafetera. Y el caf\u00e9 tambi\u00e9n est\u00e1 en el grupo 2B de \u00abposibles\u00bb por que lo ha dicho alg\u00fan estudio mal hecho, pero se mantienen ah\u00ed por precauci\u00f3n.<\/p>\n<p style=\"text-align: justify;\"><img loading=\"lazy\" class=\"alignnone size-full wp-image-317\" src=\"http:\/\/quemalpuedehacer.es\/blog\/wp-content\/uploads\/2014\/07\/qmph-blog-eevwifi2-publicidad-safetel.jpg\" alt=\"qmph-blog-eevwifi2-publicidad-safetel\" width=\"430\" height=\"243\" srcset=\"http:\/\/quemalpuedehacer.es\/blog\/wp-content\/uploads\/2014\/07\/qmph-blog-eevwifi2-publicidad-safetel.jpg 430w, http:\/\/quemalpuedehacer.es\/blog\/wp-content\/uploads\/2014\/07\/qmph-blog-eevwifi2-publicidad-safetel-300x169.jpg 300w\" sizes=\"(max-width: 430px) 100vw, 430px\" \/><\/p>\n<p style=\"text-align: justify;\">&#8211; De <strong>humor<\/strong> se puede calificar el dar cabida y <a href=\"http:\/\/www.europapress.es\/economia\/noticia-comunicado-safetel-nuevo-gran-negocio-productores-distribuidores-smartphones-20140220200613.html\" target=\"_blank\">dar publicidad a una empresa (SAFETEL) <\/a>La simple afirmaci\u00f3n de que el Bluetooth tiene menos riesgo que las ondas de los moviles es para que al menos los \u00abperiodistas hubiesen dudado.<br \/>\n&#8211; Las declaraciones de D. Carlos Requejo (arquitecto interiorista y \u00bfdomoterapeuta?) <strong>no son mucho m\u00e1s acertadas<\/strong>. Un transformador que no emite lo que dice, tubos fluorescentes que emiten radiaci\u00f3n electromagn\u00e9tica pero no le parecen problem\u00e1ticos&#8230; un desprop\u00f3sito.<\/p>\n<p style=\"text-align: justify;\"><img loading=\"lazy\" class=\"alignnone size-full wp-image-316\" src=\"http:\/\/quemalpuedehacer.es\/blog\/wp-content\/uploads\/2014\/07\/qmph-blog-eevwifi2-centro.jpg\" alt=\"qmph-blog-eevwifi2-centro\" width=\"430\" height=\"190\" srcset=\"http:\/\/quemalpuedehacer.es\/blog\/wp-content\/uploads\/2014\/07\/qmph-blog-eevwifi2-centro.jpg 430w, http:\/\/quemalpuedehacer.es\/blog\/wp-content\/uploads\/2014\/07\/qmph-blog-eevwifi2-centro-300x132.jpg 300w\" sizes=\"(max-width: 430px) 100vw, 430px\" \/><br \/>\n&#8211; Una de las personas entrevistadas, cuyo hijo est\u00e1 supuestamente \u00abafectado\u00bb por el supuesto \u00abedificio enfermo\u00bb (donde lo \u00fanico que hab\u00eda era una deficiente ventilaci\u00f3n y tomas de tierra) habla de modo <strong>alarmista<\/strong> de \u00abepidemia\u00bb de lipotrofia semicircular, una sintomatolog\u00eda a\u00fan no aclarada, pero donde la explicaci\u00f3n m\u00e1s plausible parece ser la forma y ergonom\u00eda del mobiliario que la electricidad est\u00e1tica. Parece que aqu\u00ed el \u00abprincipio de precauci\u00f3n\u00bb tan cacareado por \u00abEl escarabajo verde\u00bb no importa, y si causar una alarma<strong> infundada<\/strong>.<\/p>\n<p style=\"text-align: justify;\"><img loading=\"lazy\" class=\"alignnone size-full wp-image-315\" src=\"http:\/\/quemalpuedehacer.es\/blog\/wp-content\/uploads\/2014\/07\/qmph-blog-eevwifi2-lipotrofia.jpg\" alt=\"qmph-blog-eevwifi2-lipotrofia\" width=\"430\" height=\"226\" srcset=\"http:\/\/quemalpuedehacer.es\/blog\/wp-content\/uploads\/2014\/07\/qmph-blog-eevwifi2-lipotrofia.jpg 430w, http:\/\/quemalpuedehacer.es\/blog\/wp-content\/uploads\/2014\/07\/qmph-blog-eevwifi2-lipotrofia-300x157.jpg 300w\" sizes=\"(max-width: 430px) 100vw, 430px\" \/><\/p>\n<p style=\"text-align: justify;\">&#8211; Esta misma persona exhibe su <strong>quimifobia<\/strong> (\u00abNada de qu\u00edmicos en casa\u00bb), <strong>cierta paranoia<\/strong> (hizo cambiar a todos sus vecinos a cable, cosa que emite de todos modos radiaci\u00f3n) Viste a su hijo con algod\u00f3n para evitar que se cargue de est\u00e1tica (cosa que ocurre de todos modos) y le da ba\u00f1os en agua salada (<strong>doble raci\u00f3n de qu\u00edmicos<\/strong>, H2O y NaCl) para que \u00bfdescargue esa electricidad? Tambi\u00e9n se \u00ab\u00bfdescarga?\u00bb con paseos por la playa otra entrevistada.<\/p>\n<h2 style=\"text-align: justify;\">Credibilidad en entredicho<\/h2>\n<p style=\"text-align: justify;\">&#8211; Aprovechamos en este punto para mencionar <strong>otro punto del \u00abmanual de estilo\u00bb<\/strong> de RTVE:<br \/>\n\u00ab<a href=\"http:\/\/manualdeestilo.rtve.es\/crtve\/1-1-la-informacion-en-crtve\/1-1-4-fuentes-informativas-y-credibilidad\/\" target=\"_blank\"><em>1.1.4. Fuentes informativas y credibilidad.<\/em><\/a><br \/>\n<em><strong>RTVE difundir\u00e1 \u00fanicamente informaciones fundamentadas<\/strong>. Las informaciones deber\u00e1n ser <strong>contrastadas con un n\u00famero suficiente de fuentes<\/strong>.[1] RTVE <strong>evitar\u00e1 difundir afirmaciones o datos imprecisos y sin base suficiente<\/strong> que puedan lesionar o menoscabar la dignidad de las personas y el derecho a su propia imagen o provocar da\u00f1o o descr\u00e9dito injustificado a instituciones p\u00fablicas y privadas, as\u00ed como la utilizaci\u00f3n de expresiones o calificativos injuriosos.[2]<\/em>\u00bb<br \/>\n&#8211; Entra en escena D. Emilio Mayayo. La siguiente imagen, de<a href=\"https:\/\/www.youtube.com\/watch?v=A1itGN02jiI\" target=\"_blank\"> una conferencia suya<\/a>, nos aclara su \u00abneutralidad\u00bb y lo \u00abfundamentado\u00bb de su discurso antiondas.<br \/>\n<img loading=\"lazy\" class=\"alignnone size-full wp-image-306\" src=\"http:\/\/quemalpuedehacer.es\/blog\/wp-content\/uploads\/2014\/07\/qmph-blog-eevwifi2-mayayo.jpg\" alt=\"qmph-blog-eevwifi2-mayayo\" width=\"430\" height=\"336\" srcset=\"http:\/\/quemalpuedehacer.es\/blog\/wp-content\/uploads\/2014\/07\/qmph-blog-eevwifi2-mayayo.jpg 430w, http:\/\/quemalpuedehacer.es\/blog\/wp-content\/uploads\/2014\/07\/qmph-blog-eevwifi2-mayayo-300x234.jpg 300w\" sizes=\"(max-width: 430px) 100vw, 430px\" \/><br \/>\nEntre sus aseveraciones est\u00e1 que \u00abhay suficientes evidencias\u00bb, que est\u00e1 \u00abtodo dicho\u00bb, que \u00abproducen da\u00f1os\u00bb&#8230; Lo tiene tan, tan claro&#8230; que por si solo es evidencia de que <strong>est\u00e1 equivocado<\/strong>, al obviar la relaci\u00f3n causa-efecto, o la necesaria falsabilidad de la afirmaci\u00f3n cient\u00edfica.<br \/>\n&#8211; Despu\u00e9s tenemos a una escuela vasca que, gracias al <strong>pensamiento conspiranoico<\/strong> de su asociaci\u00f3nde madres y padres ha perdido el apoyo del proyecto Skola 2.0&#8243;, seg\u00fan el programa \u00abimpuesto\u00bb por el gobierno vasco. Otra cosa que impone el gobierno vasco es la ense\u00f1anza de matem\u00e1ticas, o de el euskera (dando varias opciones). Las tres cosas son <strong>beneficiosas<\/strong> para el alumnado vasco.<\/p>\n<p style=\"text-align: justify;\"><img loading=\"lazy\" class=\"alignnone size-full wp-image-314\" src=\"http:\/\/quemalpuedehacer.es\/blog\/wp-content\/uploads\/2014\/07\/qmph-blog-eevwifi2-skola.jpg\" alt=\"qmph-blog-eevwifi2-skola\" width=\"430\" height=\"228\" srcset=\"http:\/\/quemalpuedehacer.es\/blog\/wp-content\/uploads\/2014\/07\/qmph-blog-eevwifi2-skola.jpg 430w, http:\/\/quemalpuedehacer.es\/blog\/wp-content\/uploads\/2014\/07\/qmph-blog-eevwifi2-skola-300x159.jpg 300w\" sizes=\"(max-width: 430px) 100vw, 430px\" \/><br \/>\n&#8211; \u00ab<em>Algo <strong>tan normal<\/strong> como puede ser cablear<\/em>\u00bb es una opci\u00f3n m\u00e1s cara que el WiFi, que adem\u00e1s, como se ve en las im\u00e1genes, implica una imposibilidad de reconfiguraci\u00f3n del aula. Por cierto, si tan temerosos (e irracionales) son, deber\u00edan haber sido m\u00e1s consecuentes colocando el armario con los aparatos de interconexi\u00f3n a cierta distancia del aula. Al final los perjudicados: los alumnos y los bolsillos de los padres.<\/p>\n<h2 style=\"text-align: justify;\">Tecnofobia<\/h2>\n<p style=\"text-align: justify;\">&#8211; Curioso es, sin duda, el <strong>supuesto caso de \u00abelectrosensibilidad\u00bb<\/strong> expuesto. Vemos como se miden las ondas electromagn\u00e9ticas con un medidor de los que venden las empresas relacionadas con esta conspiranoia, pero no se dicen los par\u00e1metros legales.<br \/>\n&#8211; Vemos como no usa m\u00f3vil, pero si un <strong>terminal inal\u00e1mbrico DECT<\/strong>. Dicho terminal tiene de \u00abecol\u00f3gico\u00bb la pegatina verde que lleva la base. Se trata de un tel\u00e9fono, el <a href=\"http:\/\/www.spc-universe.com\/informacion-producto\/SPC-7122\/\" target=\"_blank\">SPC 7122<\/a> (de hace a\u00f1os adem\u00e1s) cuyos argumentos de venta eran\u00a0 por su gran pantalla y grandes teclas&#8230; orientado a pesonas con necesidades especiales. y sigue el est\u00e1ndar DECT ECO, que reduce la potencia cuando no se usa, con lo que ahorra bater\u00eda, pero sigue emitiendo ondas electromagn\u00e9ticas.<\/p>\n<p style=\"text-align: justify;\"><img loading=\"lazy\" class=\"alignnone size-full wp-image-313\" src=\"http:\/\/quemalpuedehacer.es\/blog\/wp-content\/uploads\/2014\/07\/qmph-blog-eevwifi2-fobias.jpg\" alt=\"qmph-blog-eevwifi2-fobias\" width=\"430\" height=\"235\" srcset=\"http:\/\/quemalpuedehacer.es\/blog\/wp-content\/uploads\/2014\/07\/qmph-blog-eevwifi2-fobias.jpg 430w, http:\/\/quemalpuedehacer.es\/blog\/wp-content\/uploads\/2014\/07\/qmph-blog-eevwifi2-fobias-300x163.jpg 300w\" sizes=\"(max-width: 430px) 100vw, 430px\" \/><br \/>\n&#8211; Tambi\u00e9n<a href=\"http:\/\/www.wificlub.org\/featured\/las-antenas-las-emisiones-electromagneticas-y-la-salud\/\" target=\"_blank\"> emiten ondas <\/a>la luz natural, las bombillas (vemos una l\u00e1mpara justo detr\u00e1s), el ordenador, su monitor TFT, la iluminaci\u00f3n adicional para televisi\u00f3n&#8230; Y c\u00f3mo no, vemos tejidos \u00abelectrost\u00e1ticos\u00bb. No puede faltar el numerito teatral del micr\u00f3fono por cable (que tambi\u00e9n emite ondas) Eso si, se sienten \u00abincompredidos\u00bb en lugar de acudir a un m\u00e9dico o psic\u00f3logo. Curios\u00edsima tambi\u00e9n la \u00abmedici\u00f3n\u00bb en la calle. Y evitar locales con WiFi. Y la huida del radio de acci\u00f3n de una BTS m\u00f3vil. Resumiendo: se ve afectada a todo tipo de ondas, pero<strong> solo reacciona psicosom\u00e1ticamente a ciertas exposiciones<\/strong>.<br \/>\n&#8211; Y terminamos con Manuel de Zarobe y el \u00abprincipio ALARA\u00bb&#8230; todo acompa\u00f1ado por un<a href=\"http:\/\/www.next-up.org\/images\/Valeurs_Moyenne_CEM_Urbain_EMF_Urban_900MHz_2500MHz_2011.jpg\" target=\"_blank\"> gr\u00e1fico fantasioso<\/a> donde aparecer\u00edan \u00bf\u00bf\u00bfsolo las microondas artificiales??? en entorno urbando (fruto de las \u00abrigurosas\u00bb investigaciones de \u00ab<a href=\"http:\/\/www.bioinitiative.org\" target=\"_blank\">Bioinitiative 2012<\/a>\u00ab) y una \u00abpiedra absorbedora de ondas\u00bb de fondo. Todo muy cient\u00edfico, si.<\/p>\n<p style=\"text-align: justify;\"><img loading=\"lazy\" class=\"alignnone size-full wp-image-312\" src=\"http:\/\/quemalpuedehacer.es\/blog\/wp-content\/uploads\/2014\/07\/qmph-blog-eevwifi2-piedra.jpg\" alt=\"qmph-blog-eevwifi2-piedra\" width=\"430\" height=\"238\" srcset=\"http:\/\/quemalpuedehacer.es\/blog\/wp-content\/uploads\/2014\/07\/qmph-blog-eevwifi2-piedra.jpg 430w, http:\/\/quemalpuedehacer.es\/blog\/wp-content\/uploads\/2014\/07\/qmph-blog-eevwifi2-piedra-300x166.jpg 300w\" sizes=\"(max-width: 430px) 100vw, 430px\" \/><\/p>\n<h2 style=\"text-align: justify;\">Falta de \u00e9tica, y mucho m\u00e1s<\/h2>\n<p style=\"text-align: justify;\">A nuestro juicio, y sin entrar en mayor detalle, es <strong>m\u00e1s que suficiente para que RTVE se replantee si ha contestado adecuadamente.<\/strong> De este modo no escapa a que se plantee una<strong> seria (muy seria) duda sobre su \u00e9tica period\u00edstica<\/strong> y su compromiso con la sociedad a la que no proporciona otro de sus puntos del \u00abmanual de estilo\u00bb:<br \/>\n<em>\u00ab<a href=\"http:\/\/manualdeestilo.rtve.es\/crtve\/1-1-la-informacion-en-crtve\/1-1-4-fuentes-informativas-y-credibilidad\/1-1-4-4-la-informacion-propia\/\" target=\"_blank\">1.1.4.4. La informaci\u00f3n propia (punto tercero)<strong><br \/>\nInvestigaci\u00f3n.<\/strong><\/a> Las informaciones emitidas en los espacios informativos y\/o programas de otra naturaleza que resulten fruto del periodismo de investigaci\u00f3n deber\u00e1n ser <strong>suficientemente demostrables<\/strong>. Aunque hubiera una fecha prevista para su emisi\u00f3n, no se difundir\u00e1n informaciones ni programas de investigaci\u00f3n basados en datos o hechos parcialmente probados. <strong>Tampoco se emitir\u00e1n cuando se considere que no se aportan todas las perspectivas y\/o enfoques necesarios para constituir una informaci\u00f3n completa, imparcial y equilibrada.<\/strong><\/em>\u00ab<\/p>\n","protected":false},"excerpt":{"rendered":"<p>Para situar al lector en este tema de RTVE, recordamos que el pasado 16 de mayo La 2 emiti\u00f3 el documental \u00abLa otra factura del WiFi\u00ab, dentro del espacio \u00abEl escarabajo verde\u00ab. Este documental de media hora ya se anunci\u00f3&hellip;  <\/p>\n<p class=\"more-link\"><a href=\"http:\/\/quemalpuedehacer.es\/blog\/2014\/07\/26\/rtve-responde\/\">Seguir leyendo <span class=\"meta-nav\">&rarr;<\/span><\/a><\/p>\n","protected":false},"author":1,"featured_media":0,"comment_status":"open","ping_status":"open","sticky":false,"template":"","format":"standard","meta":{"spay_email":""},"categories":[76,26],"tags":[132,104,135,472,133,134,106,131],"yoast_head":"<!-- This site is optimized with the Yoast SEO plugin v16.1.1 - https:\/\/yoast.com\/wordpress\/plugins\/seo\/ -->\n<meta name=\"description\" content=\"An\u00e1lisis de las respuestas de RTVE sobre el programa &quot;La otra factura del wifi&quot; del espacio &quot;El escarabajo verde&quot; y su falta de \u00e9tica.\" \/>\n<link rel=\"canonical\" href=\"http:\/\/quemalpuedehacer.es\/blog\/2014\/07\/26\/rtve-responde\/\" \/>\n<meta name=\"twitter:label1\" content=\"Tiempo de lectura\">\n\t<meta name=\"twitter:data1\" content=\"9 minutos\">\n<script type=\"application\/ld+json\" class=\"yoast-schema-graph\">{\"@context\":\"https:\/\/schema.org\",\"@graph\":[{\"@type\":\"Organization\",\"@id\":\"https:\/\/quemalpuedehacer.es\/blog\/#organization\",\"name\":\"\\u00bfQu\\u00e9 mal puede hacer?\",\"url\":\"https:\/\/quemalpuedehacer.es\/blog\/\",\"sameAs\":[],\"logo\":{\"@type\":\"ImageObject\",\"@id\":\"https:\/\/quemalpuedehacer.es\/blog\/#logo\",\"inLanguage\":\"es\",\"url\":\"https:\/\/quemalpuedehacer.es\/blog\/wp-content\/uploads\/2014\/01\/logo-que-mal-puede-hacer.png\",\"contentUrl\":\"https:\/\/quemalpuedehacer.es\/blog\/wp-content\/uploads\/2014\/01\/logo-que-mal-puede-hacer.png\",\"width\":2700,\"height\":2343,\"caption\":\"\\u00bfQu\\u00e9 mal puede hacer?\"},\"image\":{\"@id\":\"https:\/\/quemalpuedehacer.es\/blog\/#logo\"}},{\"@type\":\"WebSite\",\"@id\":\"https:\/\/quemalpuedehacer.es\/blog\/#website\",\"url\":\"https:\/\/quemalpuedehacer.es\/blog\/\",\"name\":\"\\u00bfQu\\u00e9 mal puede hacer? Blog\",\"description\":\"Contra las pseudociencias y los da\\u00f1os que causan\",\"publisher\":{\"@id\":\"https:\/\/quemalpuedehacer.es\/blog\/#organization\"},\"potentialAction\":[{\"@type\":\"SearchAction\",\"target\":\"https:\/\/quemalpuedehacer.es\/blog\/?s={search_term_string}\",\"query-input\":\"required name=search_term_string\"}],\"inLanguage\":\"es\"},{\"@type\":\"ImageObject\",\"@id\":\"http:\/\/quemalpuedehacer.es\/blog\/2014\/07\/26\/rtve-responde\/#primaryimage\",\"inLanguage\":\"es\",\"url\":\"http:\/\/quemalpuedehacer.es\/blog\/wp-content\/uploads\/2014\/07\/qmph-blog-eevwifi2-inicial.jpg\",\"contentUrl\":\"http:\/\/quemalpuedehacer.es\/blog\/wp-content\/uploads\/2014\/07\/qmph-blog-eevwifi2-inicial.jpg\",\"width\":430,\"height\":225,\"caption\":\"qmph-blog-eevwifi2-inicial\"},{\"@type\":\"WebPage\",\"@id\":\"http:\/\/quemalpuedehacer.es\/blog\/2014\/07\/26\/rtve-responde\/#webpage\",\"url\":\"http:\/\/quemalpuedehacer.es\/blog\/2014\/07\/26\/rtve-responde\/\",\"name\":\"\\u00bfResponde RTVE ? Lo averiguamos con su \\\"manual de estilo\\\". - QMPH-Blog\",\"isPartOf\":{\"@id\":\"https:\/\/quemalpuedehacer.es\/blog\/#website\"},\"primaryImageOfPage\":{\"@id\":\"http:\/\/quemalpuedehacer.es\/blog\/2014\/07\/26\/rtve-responde\/#primaryimage\"},\"datePublished\":\"2014-07-26T10:23:01+00:00\",\"dateModified\":\"2015-11-10T12:28:10+00:00\",\"description\":\"An\\u00e1lisis de las respuestas de RTVE sobre el programa \\\"La otra factura del wifi\\\" del espacio \\\"El escarabajo verde\\\" y su falta de \\u00e9tica.\",\"breadcrumb\":{\"@id\":\"http:\/\/quemalpuedehacer.es\/blog\/2014\/07\/26\/rtve-responde\/#breadcrumb\"},\"inLanguage\":\"es\",\"potentialAction\":[{\"@type\":\"ReadAction\",\"target\":[\"http:\/\/quemalpuedehacer.es\/blog\/2014\/07\/26\/rtve-responde\/\"]}]},{\"@type\":\"BreadcrumbList\",\"@id\":\"http:\/\/quemalpuedehacer.es\/blog\/2014\/07\/26\/rtve-responde\/#breadcrumb\",\"itemListElement\":[{\"@type\":\"ListItem\",\"position\":1,\"item\":{\"@type\":\"WebPage\",\"@id\":\"https:\/\/quemalpuedehacer.es\/blog\/\",\"url\":\"https:\/\/quemalpuedehacer.es\/blog\/\",\"name\":\"Portada\"}},{\"@type\":\"ListItem\",\"position\":2,\"item\":{\"@type\":\"WebPage\",\"@id\":\"http:\/\/quemalpuedehacer.es\/blog\/2014\/07\/26\/rtve-responde\/\",\"url\":\"http:\/\/quemalpuedehacer.es\/blog\/2014\/07\/26\/rtve-responde\/\",\"name\":\"\\u00bfResponde RTVE ? Lo averiguamos con su \\u00abmanual de estilo\\u00bb.\"}}]},{\"@type\":\"Article\",\"@id\":\"http:\/\/quemalpuedehacer.es\/blog\/2014\/07\/26\/rtve-responde\/#article\",\"isPartOf\":{\"@id\":\"http:\/\/quemalpuedehacer.es\/blog\/2014\/07\/26\/rtve-responde\/#webpage\"},\"author\":{\"@id\":\"https:\/\/quemalpuedehacer.es\/blog\/#\/schema\/person\/2076d9ea29bc4c3992ddc86c3dfb4c75\"},\"headline\":\"\\u00bfResponde RTVE ? Lo averiguamos con su \\u00abmanual de estilo\\u00bb.\",\"datePublished\":\"2014-07-26T10:23:01+00:00\",\"dateModified\":\"2015-11-10T12:28:10+00:00\",\"mainEntityOfPage\":{\"@id\":\"http:\/\/quemalpuedehacer.es\/blog\/2014\/07\/26\/rtve-responde\/#webpage\"},\"commentCount\":0,\"publisher\":{\"@id\":\"https:\/\/quemalpuedehacer.es\/blog\/#organization\"},\"image\":{\"@id\":\"http:\/\/quemalpuedehacer.es\/blog\/2014\/07\/26\/rtve-responde\/#primaryimage\"},\"keywords\":\"defensora,el escarabajo verde,\\u00e9tica,falsa equidistancia,respuestas,rigor,rtve,rtve responde\",\"articleSection\":\"an\\u00e1lisis,medios\",\"inLanguage\":\"es\",\"potentialAction\":[{\"@type\":\"CommentAction\",\"name\":\"Comment\",\"target\":[\"http:\/\/quemalpuedehacer.es\/blog\/2014\/07\/26\/rtve-responde\/#respond\"]}]},{\"@type\":\"Person\",\"@id\":\"https:\/\/quemalpuedehacer.es\/blog\/#\/schema\/person\/2076d9ea29bc4c3992ddc86c3dfb4c75\",\"name\":\"QMPH - Isidoro Mart\\u00ednez\",\"image\":{\"@type\":\"ImageObject\",\"@id\":\"https:\/\/quemalpuedehacer.es\/blog\/#personlogo\",\"inLanguage\":\"es\",\"url\":\"http:\/\/2.gravatar.com\/avatar\/bcf83a648fbb23b1168a8331f6c2a52d?s=96&d=mm&r=g\",\"contentUrl\":\"http:\/\/2.gravatar.com\/avatar\/bcf83a648fbb23b1168a8331f6c2a52d?s=96&d=mm&r=g\",\"caption\":\"QMPH - Isidoro Mart\\u00ednez\"},\"sameAs\":[\"http:\/\/quemalpuedehacer.es\",\"https:\/\/www.facebook.com\/quemalpuedehacer\",\"https:\/\/twitter.com\/qmph_es\"]}]}<\/script>\n<!-- \/ Yoast SEO plugin. -->","jetpack_featured_media_url":"","jetpack_sharing_enabled":true,"_links":{"self":[{"href":"http:\/\/quemalpuedehacer.es\/blog\/wp-json\/wp\/v2\/posts\/303"}],"collection":[{"href":"http:\/\/quemalpuedehacer.es\/blog\/wp-json\/wp\/v2\/posts"}],"about":[{"href":"http:\/\/quemalpuedehacer.es\/blog\/wp-json\/wp\/v2\/types\/post"}],"author":[{"embeddable":true,"href":"http:\/\/quemalpuedehacer.es\/blog\/wp-json\/wp\/v2\/users\/1"}],"replies":[{"embeddable":true,"href":"http:\/\/quemalpuedehacer.es\/blog\/wp-json\/wp\/v2\/comments?post=303"}],"version-history":[{"count":0,"href":"http:\/\/quemalpuedehacer.es\/blog\/wp-json\/wp\/v2\/posts\/303\/revisions"}],"wp:attachment":[{"href":"http:\/\/quemalpuedehacer.es\/blog\/wp-json\/wp\/v2\/media?parent=303"}],"wp:term":[{"taxonomy":"category","embeddable":true,"href":"http:\/\/quemalpuedehacer.es\/blog\/wp-json\/wp\/v2\/categories?post=303"},{"taxonomy":"post_tag","embeddable":true,"href":"http:\/\/quemalpuedehacer.es\/blog\/wp-json\/wp\/v2\/tags?post=303"}],"curies":[{"name":"wp","href":"https:\/\/api.w.org\/{rel}","templated":true}]}}