{"id":1280,"date":"2015-05-13T13:13:08","date_gmt":"2015-05-13T11:13:08","guid":{"rendered":"http:\/\/quemalpuedehacer.es\/blog\/?p=1280"},"modified":"2015-08-28T13:20:50","modified_gmt":"2015-08-28T11:20:50","slug":"conspiranoia-comalicante-cipfp-canastell","status":"publish","type":"post","link":"http:\/\/quemalpuedehacer.es\/blog\/2015\/05\/13\/conspiranoia-comalicante-cipfp-canastell\/","title":{"rendered":"Conspiranoias en un Instituto de FP"},"content":{"rendered":"<p style=\"text-align: justify;\">Ante la cercana fecha (15 de mayo) de posible celebraci\u00f3n del evento \u00ab<a href=\"http:\/\/jornadaelectromagnetismo.blogspot.com.es\/p\/programa.html\" target=\"_blank\" rel=\"nofollow\">1\u00ba Jornada abierta sobre contaminaci\u00f3n electromagn\u00e9tica y electrohibersensibilidad<\/a>\u00ab, adem\u00e1s en las instalaciones de un centro p\u00fablico (el <a href=\"http:\/\/www.cipfpcanastell.com\/\" target=\"_blank\" rel=\"nofollow\">CIPFP Canastell, San Vicente del Raspeig (Alicante)<\/a>) acabamos de remitir la siguiente <strong>carta al Ilustre Colegio Oficial de M\u00e9dicos de la Provincia de Alicante (COMA) y al centro<\/strong>:<\/p>\n<div style=\"text-align: justify;\">\n<div id=\"attachment_1283\" style=\"width: 646px\" class=\"wp-caption alignnone\"><img aria-describedby=\"caption-attachment-1283\" loading=\"lazy\" class=\"wp-image-1283\" src=\"http:\/\/quemalpuedehacer.es\/blog\/wp-content\/uploads\/2015\/05\/qmph-blog-evento-ondas-caratula-COMA-CIPFP-Canastell.jpg\" alt=\"qmph-blog-evento-ondas-caratula-COMA-CIPFP-Canastell\" width=\"636\" height=\"408\" srcset=\"http:\/\/quemalpuedehacer.es\/blog\/wp-content\/uploads\/2015\/05\/qmph-blog-evento-ondas-caratula-COMA-CIPFP-Canastell.jpg 800w, http:\/\/quemalpuedehacer.es\/blog\/wp-content\/uploads\/2015\/05\/qmph-blog-evento-ondas-caratula-COMA-CIPFP-Canastell-300x192.jpg 300w\" sizes=\"(max-width: 636px) 100vw, 636px\" \/><p id=\"caption-attachment-1283\" class=\"wp-caption-text\">Anuncio del \u00abevento\u00bb ya retirado por el COMA.<\/p><\/div>\n<\/div>\n<blockquote>\n<p style=\"text-align: justify;\"><span style=\"color: #0000ff;\"><em>Buenas tardes,<\/em><\/span><\/p>\n<div style=\"text-align: justify;\"><span style=\"color: #0000ff;\"><em>Ante todo presentarme: soy Isidoro Mart\u00ednez, autor del proyecto \u201c\u00bfQu\u00e9 mal puede hacer?\u201d [&#8230;] dedicado a la lucha contra las pseudociencias para prevenir los da\u00f1os que causan.<\/em><\/span><\/div>\n<div style=\"text-align: justify;\"><span style=\"color: #0000ff;\"><em>\u00a0<\/em><\/span><\/div>\n<div style=\"text-align: justify;\"><span style=\"color: #0000ff;\"><em>Llevo desde el inicio del proyecto tratando de informar sobre los <strong>movimientos irracionales<\/strong> que est\u00e1n teniendo lugar acerca de las <strong>ondas electromagn\u00e9ticas no ionizantes<\/strong>, y que ya <a style=\"color: #0000ff;\" href=\"http:\/\/quemalpuedehacer.es\/dk\/doku.php?id=wiki:miedos-conspiraciones:ondas-radio\" target=\"_blank\">se cobraron una v\u00edctima por suicidio hace unos meses<\/a>. Esta persona no recibi\u00f3 el tratamiento psicol\u00f3gico\/psiqui\u00e1trico que necesitaba y le hicieron deambular por pseudoterapias a la vez que su c\u00edrculo cercano reafirmaba y potenciaba la creencia que le da\u00f1aba, y\u00a0con ello su mal estado psicol\u00f3gico hasta que <strong>no pudo m\u00e1s<\/strong>.<\/em><\/span><\/div>\n<div style=\"text-align: justify;\"><span style=\"color: #0000ff;\"><em>\u00a0<\/em><\/span><\/div>\n<div style=\"text-align: justify;\"><span style=\"color: #0000ff;\"><em>Esta disparatada e <strong>infundada creencia<\/strong> (que hay una sensibilidad org\u00e1nica a cierto rango de ondas) tambi\u00e9n tuvo cabida (con esa misma base creencial) <a style=\"color: #0000ff;\" href=\"http:\/\/quemalpuedehacer.es\/blog\/tag\/el-escarabajo-verde\/\" target=\"_blank\" rel=\"nofollow\">en RTVE<\/a>.<\/em><\/span><\/div>\n<div style=\"text-align: justify;\">\n<p><span style=\"color: #0000ff;\"><em><!--more--><\/em><\/span><\/p>\n<\/div>\n<div style=\"text-align: justify;\"><span style=\"color: #0000ff;\"><em>Esto es f\u00e1cil de comprobar, y <strong>no nos consta<\/strong> que a ciegas (sin que el sujeto sepa si recibe un haz de un tipo u otro, o ninguno) este supuesto s\u00edndrome <strong>haya sido comprobado.<\/strong><\/em><\/span><\/div>\n<div style=\"text-align: justify;\"><span style=\"color: #0000ff;\"><em>\u00a0<\/em><\/span><\/div>\n<div style=\"text-align: justify;\">\n<p><span style=\"color: #0000ff;\"><em><img loading=\"lazy\" class=\"alignright size-full wp-image-1282\" src=\"http:\/\/quemalpuedehacer.es\/blog\/wp-content\/uploads\/2015\/05\/qmph-blog-evento-ondas-CIPFP-Canastell.jpg\" alt=\"qmph-blog-evento-ondas-CIPFP-Canastell\" width=\"361\" height=\"102\" srcset=\"http:\/\/quemalpuedehacer.es\/blog\/wp-content\/uploads\/2015\/05\/qmph-blog-evento-ondas-CIPFP-Canastell.jpg 361w, http:\/\/quemalpuedehacer.es\/blog\/wp-content\/uploads\/2015\/05\/qmph-blog-evento-ondas-CIPFP-Canastell-300x85.jpg 300w\" sizes=\"(max-width: 361px) 100vw, 361px\" \/>Igual ausencia de credibilidad tiene la <strong>Sensibilidad Qu\u00edmica M\u00faltiple<\/strong> (SQM), de la que tampoco hay aval cient\u00edfico, y s\u00ed pruebas que la descartan como s\u00edndrome org\u00e1nico (apuntando a origen psicol\u00f3gico) Recientemente, tras patinar en este tema, <strong>un programa de RNE rectific\u00f3<\/strong> sobre el mismo (a partir de 17&#8217;45\u00bb aprox.):<\/em><\/span><\/p>\n<div style=\"width: 100%; padding-top: 74px; position: relative; border-bottom: 1px solid #aaaaaa; display: inline-block; background: rgba(255, 255, 255, 0.9) none repeat scroll 0% 0%;\">\n<p><span style=\"color: #0000ff;\"><em><iframe loading=\"lazy\" style=\"width: 100%; height: 37px; position: absolute; left: 0px; top: 0px; overflow: hidden;\" src=\"http:\/\/www.rtve.es\/drmn\/embed\/audio\/3101573\" name=\"\u00c1tomos, Cosmos infinito y SQM, \u00bfotra vez?\" width=\"300\" height=\"150\" frameborder=\"0\" scrolling=\"no\"><\/iframe><\/em><\/span><\/p>\n<div style=\"position: absolute; bottom: 0px; left: 0px; font-family: arial,helvetica,sans-serif; font-size: 12px; line-height: 1.833; display: inline-block; padding: 5px 0px 5px 10px;\"><span style=\"color: #0000ff;\"><em><span style=\"float: left; margin-right: 10px;\"><img style=\"height: 20px; width: auto; background: transparent none repeat scroll 0% 0%; padding: 0px; margin: 0px;\" src=\"http:\/\/img.irtve.es\/css\/rtve.commons\/rtve.header.footer\/i\/logoRTVEes.png\" alt=\"\" \/><\/span><a style=\"color: #0000ff; font-weight: bold;\" title=\"\u00c1tomos, Cosmos infinito y SQM, \u00bfotra vez?\" href=\"http:\/\/www.rtve.es\/alacarta\/audios\/entre-probetas\/entre-probetas-atomos-cosmos-infinito-sqm-otra-vez-22-04-15\/3101573\/\"><strong>\u00c1tomos, Cosmos infinito y SQM, \u00bfotra vez?<\/strong><\/a><\/em><\/span><\/div>\n<\/div>\n<\/div>\n<\/blockquote>\n<blockquote>\n<div style=\"text-align: justify;\"><span style=\"color: #0000ff;\"><em>Sin embargo vemos con tristeza como <strong>apoyan un evento dedicado 100%\u00a0a esta conspiranoia<\/strong>, sin siquiera comparecer un ponente que tenga una opini\u00f3n diferente a la de esta creencia.<\/em><\/span><\/div>\n<div style=\"text-align: justify;\"><span style=\"color: #0000ff;\"><em>\u00a0<\/em><\/span><\/div>\n<div style=\"text-align: justify;\"><span style=\"color: #0000ff;\"><em>Por todo ello, que constituye una <strong>falta de respeto enorme a su instituci\u00f3n y a sus alumnos\/colegiados<\/strong>, les conminamos a que suspendan este desprop\u00f3sito y pidan las pertinentes disculpas de forma p\u00fablica.<\/em><\/span><\/div>\n<div style=\"text-align: justify;\"><span style=\"color: #0000ff;\"><em>\u00a0<\/em><\/span><\/div>\n<div style=\"text-align: justify;\"><span style=\"color: #0000ff;\"><em>Un cordial saludo<\/em><\/span><\/div>\n<\/blockquote>\n<div style=\"text-align: justify;\">Para que nuestros lectores se hagan una idea m\u00e1s precisa de lo grotesco que es lo que se pretende ofrecer, aqu\u00ed tienen algunas afirmaciones del <a href=\"http:\/\/laboratoriosaquon.com\/2014\/03\/27\/formacion-en-zaragoza-sobre-uso-del-agua-de-mar-estructurada\/\" target=\"_blank\" rel=\"nofollow\">Presidente del comit\u00e9 organizador del evento, profesor en dicho CIPFP Canastell y experto en \u00abagua de mar estructurada\u00bb<\/a>. <strong>Sin comentarios.<\/strong><\/div>\n<p><em>Actualizaci\u00f3n 14:30h<\/em>.:<br \/>\nCambiamos el titular del art\u00edculo ya que el Ilustre Colegio Ofi. de M\u00e9dicos de Alicante <strong>(COMA) acaba de confirmar que no apoya el evento<\/strong>, y que ha retirado la promoci\u00f3n que le estaba prestando:<\/p>\n<blockquote class=\"twitter-tweet\" lang=\"es\" data-conversation=\"none\">\n<p dir=\"ltr\" lang=\"es\"><a href=\"https:\/\/twitter.com\/qmph_es\">@qmph_es<\/a> <a href=\"https:\/\/twitter.com\/mauroeastbourne\">@mauroeastbourne<\/a> Ya hemos retirado el anuncio. No somos participantes. Solo nos hacemos eco de actividades de colegiados.<\/p>\n<p>\u2014 COMA (@COMAlicante) <a href=\"https:\/\/twitter.com\/COMAlicante\/status\/598463203622924288\">Mayo 13, 2015<\/a><\/p><\/blockquote>\n","protected":false},"excerpt":{"rendered":"<p>Ante la cercana fecha (15 de mayo) de posible celebraci\u00f3n del evento \u00ab1\u00ba Jornada abierta sobre contaminaci\u00f3n electromagn\u00e9tica y electrohibersensibilidad\u00ab, adem\u00e1s en las instalaciones de un centro p\u00fablico (el CIPFP Canastell, San Vicente del Raspeig (Alicante)) acabamos de remitir la&hellip;  <\/p>\n<p class=\"more-link\"><a href=\"http:\/\/quemalpuedehacer.es\/blog\/2015\/05\/13\/conspiranoia-comalicante-cipfp-canastell\/\">Seguir leyendo <span class=\"meta-nav\">&rarr;<\/span><\/a><\/p>\n","protected":false},"author":1,"featured_media":1283,"comment_status":"open","ping_status":"open","sticky":false,"template":"","format":"standard","meta":{"spay_email":""},"categories":[76,36,2,136],"tags":[345,342,344,340,341,346],"yoast_head":"<!-- This site is optimized with the Yoast SEO plugin v16.1.1 - https:\/\/yoast.com\/wordpress\/plugins\/seo\/ -->\n<meta name=\"description\" content=\"Enviamos correo para intentar evitar un posible evento conspiranoico sobre las ondas en CIPFP Canastell, al cual ha retirado su apoyo el COMA.\" \/>\n<link rel=\"canonical\" href=\"http:\/\/quemalpuedehacer.es\/blog\/2015\/05\/13\/conspiranoia-comalicante-cipfp-canastell\/\" \/>\n<meta name=\"twitter:label1\" content=\"Tiempo de lectura\">\n\t<meta name=\"twitter:data1\" content=\"2 minutos\">\n<script type=\"application\/ld+json\" class=\"yoast-schema-graph\">{\"@context\":\"https:\/\/schema.org\",\"@graph\":[{\"@type\":\"Organization\",\"@id\":\"http:\/\/quemalpuedehacer.es\/blog\/#organization\",\"name\":\"\\u00bfQu\\u00e9 mal puede hacer?\",\"url\":\"http:\/\/quemalpuedehacer.es\/blog\/\",\"sameAs\":[],\"logo\":{\"@type\":\"ImageObject\",\"@id\":\"http:\/\/quemalpuedehacer.es\/blog\/#logo\",\"inLanguage\":\"es\",\"url\":\"https:\/\/quemalpuedehacer.es\/blog\/wp-content\/uploads\/2014\/01\/logo-que-mal-puede-hacer.png\",\"contentUrl\":\"https:\/\/quemalpuedehacer.es\/blog\/wp-content\/uploads\/2014\/01\/logo-que-mal-puede-hacer.png\",\"width\":2700,\"height\":2343,\"caption\":\"\\u00bfQu\\u00e9 mal puede hacer?\"},\"image\":{\"@id\":\"http:\/\/quemalpuedehacer.es\/blog\/#logo\"}},{\"@type\":\"WebSite\",\"@id\":\"http:\/\/quemalpuedehacer.es\/blog\/#website\",\"url\":\"http:\/\/quemalpuedehacer.es\/blog\/\",\"name\":\"\\u00bfQu\\u00e9 mal puede hacer? Blog\",\"description\":\"Contra las pseudociencias y los da\\u00f1os que causan\",\"publisher\":{\"@id\":\"http:\/\/quemalpuedehacer.es\/blog\/#organization\"},\"potentialAction\":[{\"@type\":\"SearchAction\",\"target\":\"http:\/\/quemalpuedehacer.es\/blog\/?s={search_term_string}\",\"query-input\":\"required name=search_term_string\"}],\"inLanguage\":\"es\"},{\"@type\":\"ImageObject\",\"@id\":\"http:\/\/quemalpuedehacer.es\/blog\/2015\/05\/13\/conspiranoia-comalicante-cipfp-canastell\/#primaryimage\",\"inLanguage\":\"es\",\"url\":\"http:\/\/quemalpuedehacer.es\/blog\/wp-content\/uploads\/2015\/05\/qmph-blog-evento-ondas-caratula-COMA-CIPFP-Canastell.jpg\",\"contentUrl\":\"http:\/\/quemalpuedehacer.es\/blog\/wp-content\/uploads\/2015\/05\/qmph-blog-evento-ondas-caratula-COMA-CIPFP-Canastell.jpg\",\"width\":800,\"height\":513},{\"@type\":\"WebPage\",\"@id\":\"http:\/\/quemalpuedehacer.es\/blog\/2015\/05\/13\/conspiranoia-comalicante-cipfp-canastell\/#webpage\",\"url\":\"http:\/\/quemalpuedehacer.es\/blog\/2015\/05\/13\/conspiranoia-comalicante-cipfp-canastell\/\",\"name\":\"Conspiranoias en un Instituto de FP - QMPH-Blog\",\"isPartOf\":{\"@id\":\"http:\/\/quemalpuedehacer.es\/blog\/#website\"},\"primaryImageOfPage\":{\"@id\":\"http:\/\/quemalpuedehacer.es\/blog\/2015\/05\/13\/conspiranoia-comalicante-cipfp-canastell\/#primaryimage\"},\"datePublished\":\"2015-05-13T11:13:08+00:00\",\"dateModified\":\"2015-08-28T11:20:50+00:00\",\"description\":\"Enviamos correo para intentar evitar un posible evento conspiranoico sobre las ondas en CIPFP Canastell, al cual ha retirado su apoyo el COMA.\",\"breadcrumb\":{\"@id\":\"http:\/\/quemalpuedehacer.es\/blog\/2015\/05\/13\/conspiranoia-comalicante-cipfp-canastell\/#breadcrumb\"},\"inLanguage\":\"es\",\"potentialAction\":[{\"@type\":\"ReadAction\",\"target\":[\"http:\/\/quemalpuedehacer.es\/blog\/2015\/05\/13\/conspiranoia-comalicante-cipfp-canastell\/\"]}]},{\"@type\":\"BreadcrumbList\",\"@id\":\"http:\/\/quemalpuedehacer.es\/blog\/2015\/05\/13\/conspiranoia-comalicante-cipfp-canastell\/#breadcrumb\",\"itemListElement\":[{\"@type\":\"ListItem\",\"position\":1,\"item\":{\"@type\":\"WebPage\",\"@id\":\"http:\/\/quemalpuedehacer.es\/blog\/\",\"url\":\"http:\/\/quemalpuedehacer.es\/blog\/\",\"name\":\"Portada\"}},{\"@type\":\"ListItem\",\"position\":2,\"item\":{\"@type\":\"WebPage\",\"@id\":\"http:\/\/quemalpuedehacer.es\/blog\/2015\/05\/13\/conspiranoia-comalicante-cipfp-canastell\/\",\"url\":\"http:\/\/quemalpuedehacer.es\/blog\/2015\/05\/13\/conspiranoia-comalicante-cipfp-canastell\/\",\"name\":\"Conspiranoias en un Instituto de FP\"}}]},{\"@type\":\"Article\",\"@id\":\"http:\/\/quemalpuedehacer.es\/blog\/2015\/05\/13\/conspiranoia-comalicante-cipfp-canastell\/#article\",\"isPartOf\":{\"@id\":\"http:\/\/quemalpuedehacer.es\/blog\/2015\/05\/13\/conspiranoia-comalicante-cipfp-canastell\/#webpage\"},\"author\":{\"@id\":\"http:\/\/quemalpuedehacer.es\/blog\/#\/schema\/person\/2076d9ea29bc4c3992ddc86c3dfb4c75\"},\"headline\":\"Conspiranoias en un Instituto de FP\",\"datePublished\":\"2015-05-13T11:13:08+00:00\",\"dateModified\":\"2015-08-28T11:20:50+00:00\",\"mainEntityOfPage\":{\"@id\":\"http:\/\/quemalpuedehacer.es\/blog\/2015\/05\/13\/conspiranoia-comalicante-cipfp-canastell\/#webpage\"},\"commentCount\":5,\"publisher\":{\"@id\":\"http:\/\/quemalpuedehacer.es\/blog\/#organization\"},\"image\":{\"@id\":\"http:\/\/quemalpuedehacer.es\/blog\/2015\/05\/13\/conspiranoia-comalicante-cipfp-canastell\/#primaryimage\"},\"keywords\":\"AAEIAA,CIPFP Canastell,COMA,conspiranoia,ondas electromagn\\u00e9ticas,PECCEM\",\"articleSection\":\"an\\u00e1lisis,comunicados,investigaci\\u00f3n,opini\\u00f3n\",\"inLanguage\":\"es\",\"potentialAction\":[{\"@type\":\"CommentAction\",\"name\":\"Comment\",\"target\":[\"http:\/\/quemalpuedehacer.es\/blog\/2015\/05\/13\/conspiranoia-comalicante-cipfp-canastell\/#respond\"]}]},{\"@type\":\"Person\",\"@id\":\"http:\/\/quemalpuedehacer.es\/blog\/#\/schema\/person\/2076d9ea29bc4c3992ddc86c3dfb4c75\",\"name\":\"QMPH - Isidoro Mart\\u00ednez\",\"image\":{\"@type\":\"ImageObject\",\"@id\":\"http:\/\/quemalpuedehacer.es\/blog\/#personlogo\",\"inLanguage\":\"es\",\"url\":\"http:\/\/2.gravatar.com\/avatar\/bcf83a648fbb23b1168a8331f6c2a52d?s=96&d=mm&r=g\",\"contentUrl\":\"http:\/\/2.gravatar.com\/avatar\/bcf83a648fbb23b1168a8331f6c2a52d?s=96&d=mm&r=g\",\"caption\":\"QMPH - Isidoro Mart\\u00ednez\"},\"sameAs\":[\"http:\/\/quemalpuedehacer.es\",\"https:\/\/www.facebook.com\/quemalpuedehacer\",\"https:\/\/twitter.com\/qmph_es\"]}]}<\/script>\n<!-- \/ Yoast SEO plugin. -->","jetpack_featured_media_url":"http:\/\/quemalpuedehacer.es\/blog\/wp-content\/uploads\/2015\/05\/qmph-blog-evento-ondas-caratula-COMA-CIPFP-Canastell.jpg","jetpack_sharing_enabled":true,"_links":{"self":[{"href":"http:\/\/quemalpuedehacer.es\/blog\/wp-json\/wp\/v2\/posts\/1280"}],"collection":[{"href":"http:\/\/quemalpuedehacer.es\/blog\/wp-json\/wp\/v2\/posts"}],"about":[{"href":"http:\/\/quemalpuedehacer.es\/blog\/wp-json\/wp\/v2\/types\/post"}],"author":[{"embeddable":true,"href":"http:\/\/quemalpuedehacer.es\/blog\/wp-json\/wp\/v2\/users\/1"}],"replies":[{"embeddable":true,"href":"http:\/\/quemalpuedehacer.es\/blog\/wp-json\/wp\/v2\/comments?post=1280"}],"version-history":[{"count":0,"href":"http:\/\/quemalpuedehacer.es\/blog\/wp-json\/wp\/v2\/posts\/1280\/revisions"}],"wp:featuredmedia":[{"embeddable":true,"href":"http:\/\/quemalpuedehacer.es\/blog\/wp-json\/wp\/v2\/media\/1283"}],"wp:attachment":[{"href":"http:\/\/quemalpuedehacer.es\/blog\/wp-json\/wp\/v2\/media?parent=1280"}],"wp:term":[{"taxonomy":"category","embeddable":true,"href":"http:\/\/quemalpuedehacer.es\/blog\/wp-json\/wp\/v2\/categories?post=1280"},{"taxonomy":"post_tag","embeddable":true,"href":"http:\/\/quemalpuedehacer.es\/blog\/wp-json\/wp\/v2\/tags?post=1280"}],"curies":[{"name":"wp","href":"https:\/\/api.w.org\/{rel}","templated":true}]}}